{"id":15248,"date":"2019-11-13T14:40:45","date_gmt":"2019-11-13T14:40:45","guid":{"rendered":"https:\/\/senzor.ba\/?p=15248"},"modified":"2024-01-15T21:44:10","modified_gmt":"2024-01-15T20:44:10","slug":"bosna-i-hercegovina-zemlja-apsurda-nezaposleni-demobilisani-borac-ide-u-zatvor-zbog-tri-metra-drva","status":"publish","type":"post","link":"https:\/\/tvsensor.com\/clanak\/bosna-i-hercegovina-zemlja-apsurda-nezaposleni-demobilisani-borac-ide-u-zatvor-zbog-tri-metra-drva\/","title":{"rendered":"Bosna i Hercegovina zemlja apsurda: Nezaposleni demobilisani borac ide u zatvor zbog tri metra drva"},"content":{"rendered":"<p>Fotografija na kojoj se otac opra\u0161ta od uplakane k\u0107erke uo\u010di odlaska u zatvor postala je viralna, obi\u0161la dru\u0161tvene mre\u017ee, te izazvala gnjev i zaprepa\u0161tenje mnogih ljudi i dotakla njihova srca.<\/p>\n<p>Iako je nelegalno usjekao drva, u zatvoru je tako zavr\u0161io \u010dovjek koji ih je na le\u0111ima nosio ku\u0107i da njegova siroma\u0161na porodica ne bi jo\u0161 vi\u0161e patila zbog hladno\u0107e.<\/p>\n<p>Za &#8220;Nezavisne&#8221; je ju\u010de Dedi\u0107eva supruga Ramiza potvrdila ovu informaciju, te istakla kako je ostala sama da brine o troje maloljetne djece: dvije k\u0107erke, koje poha\u0111aju osmi i deveti razred osmogodi\u0161nje \u0161kole, i sinu koji ide u peti razred. O\u010dajna \u017eena nam je rekla kako je jedini izvor prihoda za ovu porodicu mjese\u010dna pomo\u0107 u iznosu od 50 maraka, koju Dedi\u0107 dobija na ime ratne invalidnine s obzirom na to da je nekoliko puta ranjavan u proteklom ratu.<\/p>\n<p>Dodaje kako je prije tri godine njen suprug s jo\u0161 nekolicinom mje\u0161tana iz Bu\u017eima oti\u0161ao da usje\u010de drva, te da su to u\u010dinili kako bi obezbijedili ogrev za svoje porodice.<\/p>\n<p>&#8220;Zaustavila ih je policija, svi su se drugi izvukli, a sva krivica je pala na moga Fikreta. Novca za drva nismo imali i to je bio jedini na\u010din da se obezbijedimo za zimu. Bilo je su\u0111enje i on nije imao novca da plati od\u0161tetu, pa je na kraju morao u zatvor&#8221;, kazala nam je Ramiza.<\/p>\n<p>Dodaje kako je prije godinu dana njen suprug privremeno po\u010deo raditi u lokalnom komunalnom preduze\u0107u, te da se jednom prilikom okliznuo, pao i zadobio potres mozga i lom lijeve noge, zbog \u010dega mu je ugra\u0111ena \u017eeljezna \u0161ipka. Od tada ima umanjene radne sposobnosti i nije u stanju da obavlja te\u017ee fizi\u010dke poslove.<\/p>\n<p>Majka i troje maloljetne djece su na ovaj na\u010din ostali bez hranitelja, a skromna nov\u010dana pomo\u0107 ni izbliza nije dovoljna da zadovolji sve potrebe ove siroma\u0161ne porodice.<\/p>\n<p>Prijatelji i poznanici Fikreta Dedi\u0107a organizovali su humanitarnu akciju kako bi prikupili neophodnu pomo\u0107 za ovu porodicu. Svi koji \u017eele da pomognu mogu kontaktirati Ramizu Dedi\u0107 na broj telefona 062\/873-838.<\/p>\n<p>https:\/\/www.facebook.com\/almir1968\/posts\/188856015580073<\/p>\n<p>face.ba<\/p>\n","protected":false},"excerpt":{"rendered":"<p>Fotografija na kojoj se otac opra\u0161ta od uplakane k\u0107erke uo\u010di odlaska u zatvor postala je viralna, obi\u0161la dru\u0161tvene mre\u017ee, te izazvala gnjev i zaprepa\u0161tenje mnogih ljudi i dotakla njihova srca. Iako je nelegalno usjekao drva, u zatvoru je tako zavr\u0161io \u010dovjek koji ih je na le\u0111ima nosio ku\u0107i da njegova siroma\u0161na porodica ne bi jo\u0161 [&hellip;]<\/p>\n","protected":false},"author":59,"featured_media":15250,"comment_status":"open","ping_status":"closed","sticky":false,"template":"","format":"standard","meta":{"inline_featured_image":false,"footnotes":""},"categories":[38],"tags":[],"class_list":{"0":"post-15248","1":"post","2":"type-post","3":"status-publish","4":"format-standard","5":"has-post-thumbnail","7":"category-vijesti-iz-bih"},"acf":[],"_links":{"self":[{"href":"https:\/\/tvsensor.com\/api\/wp\/v2\/posts\/15248","targetHints":{"allow":["GET"]}}],"collection":[{"href":"https:\/\/tvsensor.com\/api\/wp\/v2\/posts"}],"about":[{"href":"https:\/\/tvsensor.com\/api\/wp\/v2\/types\/post"}],"author":[{"embeddable":true,"href":"https:\/\/tvsensor.com\/api\/wp\/v2\/users\/59"}],"replies":[{"embeddable":true,"href":"https:\/\/tvsensor.com\/api\/wp\/v2\/comments?post=15248"}],"version-history":[{"count":1,"href":"https:\/\/tvsensor.com\/api\/wp\/v2\/posts\/15248\/revisions"}],"predecessor-version":[{"id":15251,"href":"https:\/\/tvsensor.com\/api\/wp\/v2\/posts\/15248\/revisions\/15251"}],"wp:featuredmedia":[{"embeddable":true,"href":"https:\/\/tvsensor.com\/api\/wp\/v2\/media\/15250"}],"wp:attachment":[{"href":"https:\/\/tvsensor.com\/api\/wp\/v2\/media?parent=15248"}],"wp:term":[{"taxonomy":"category","embeddable":true,"href":"https:\/\/tvsensor.com\/api\/wp\/v2\/categories?post=15248"},{"taxonomy":"post_tag","embeddable":true,"href":"https:\/\/tvsensor.com\/api\/wp\/v2\/tags?post=15248"}],"curies":[{"name":"wp","href":"https:\/\/api.w.org\/{rel}","templated":true}]}}