{"id":15246,"date":"2019-11-13T14:39:36","date_gmt":"2019-11-13T14:39:36","guid":{"rendered":"https:\/\/senzor.ba\/?p=15246"},"modified":"2024-01-15T21:44:11","modified_gmt":"2024-01-15T20:44:11","slug":"procitajte-detalje-hapsenja-ratka-mladica-krio-se-zbog-samo-jednog-straha","status":"publish","type":"post","link":"https:\/\/tvsensor.com\/clanak\/procitajte-detalje-hapsenja-ratka-mladica-krio-se-zbog-samo-jednog-straha\/","title":{"rendered":"Pro\u010ditajte detalje hap\u0161enja Ratka Mladi\u0107a: Krio se zbog SAMO jednog straha"},"content":{"rendered":"<div class=\"main-article-text-wrapper\">\n<p>Vladimir Vuk\u010devi\u0107 je 13 godina bio srpski tu\u017eilac za ratne zlo\u010dine, a u ekskluzivnoj ispovijesti za Kurir je otkrio da je jedan od najdramati\u010dnijih trenutaka u njegovom \u017eivotu bilo hap\u0161enje nekada\u0161njeg generala VRS Ratka Mladi\u0107a, koji je godinama izbjegavao svoje progonitelje, uz pomo\u0107 jataka i ljudi iz vojske.<\/p>\n<p>Mladi\u0107 se jedno vrijeme krio u vojnim objektima, a kako Vuk\u010devi\u0107 navodi, zbog\u00a0 stupanja na snagu zakona o saradnji s Hagom, tada\u0161nji na\u010delnik General\u0161taba Neboj\u0161a Pavkovi\u0107 poslao mu je nare\u0111enje da napusti objekat u kome je tada boravio.<\/p>\n<p>Po\u0161to Mladi\u0107 to nije \u017eelio, jedan \u010dlan akcionog tima (za lociranje i hap\u0161enje ha\u0161kih bjegunaca) se sjetio da se Mladi\u0107 patolo\u0161ki pla\u0161i da \u0107e neko da ga otme helikopterom, da \u0107e tako da ga uhapse&#8230; I ka\u017ee taj \u010dlan tima da samo treba da se podignu policijski helikopteri da lete iznad tog vojnog objekta. Tako je Mladi\u0107 istog momenta zbrisao odatle, navodi Vuk\u010devi\u0107.<\/p>\n<p>&#8220;Mladi\u0107eva je krsna slava \u0110ur\u0111evdan, 6. maj, i tada smo u Lazarevu, koje smo opservirali, vidjeli njegovog sina Darka kako se fotografi\u0161e s djecom. I mi zaklju\u010dimo da oni to \u0161alju ocu, djedi&#8230; Mi tada, naime, imamo izve\u0161taje od Engleza, koji nam \u010dak daju satelitske snimke jednog lokaliteta u Hercegovini gdje se vidi \u010dovjek kao Mladi\u0107 kako pu\u0161i i zato smo mi sve vrijeme uvjereni da je on tamo, razmi\u0161ljamo kako \u0107emo i \u0161ta da radimo.<\/p>\n<div class=\"e-embed js-lightbox-gallery\" data-gallery-id=\"32445\"><a class=\"js-lightbox-item\" title=\"\" href=\"https:\/\/storage.face.ba\/image\/40067\/1280x880\/20191112211402250524.jpg\" data-image-date=\"13. 11. 2019. u 13:26\" data-image-id=\"40067\" data-fb-share-url=\"https:\/\/www.facebook.com\/sharer\/sharer.php?u=https:\/\/www.face.ba\/vijesti\/bih\/procitajte-detalje-hapsenja-ratka-mladica-krio-se-zbog-samo-jednog-straha\/32445\" data-twitter-share-url=\"https:\/\/twitter.com\/home?status=https:\/\/www.face.ba\/vijesti\/bih\/procitajte-detalje-hapsenja-ratka-mladica-krio-se-zbog-samo-jednog-straha\/32445\" data-google-plus-share-url=\"https:\/\/plus.google.com\/share?url=https:\/\/www.face.ba\/vijesti\/bih\/procitajte-detalje-hapsenja-ratka-mladica-krio-se-zbog-samo-jednog-straha\/32445\" data-viber-share-url=\"https:\/\/www.face.ba\/vijesti\/bih\/procitajte-detalje-hapsenja-ratka-mladica-krio-se-zbog-samo-jednog-straha\/32445\" data-whatsapp-share-url=\"https:\/\/www.face.ba\/vijesti\/bih\/procitajte-detalje-hapsenja-ratka-mladica-krio-se-zbog-samo-jednog-straha\/32445\"><img decoding=\"async\" class=\"img-responsive\" title=\"\" src=\"https:\/\/storage.face.ba\/image\/40067\/original\/20191112211402250524.jpg\" alt=\" - Pro\u010ditajte detalje hap\u0161enja Ratka Mladi\u0107a: Krio se zbog SAMO jednog straha\" \/><\/a><\/div>\n<p>Ovdje smo locirali kurira, koji je kupovao veliku koli\u010dinu lijekova za kardiovaskularne smetnje i mi \u010dekamo da nas on odvede do Mladi\u0107a, ali se kurir danima ne pojavljuje. Nervoza raste, zove me Miki Raki\u0107 i pita \u0161ta da radimo s Lazarevom, da li da ulaze, reko\u2019 &#8211; nek u\u0111u.<\/p>\n<p>Krene ekipa, ali ku\u0107a tog Mladi\u0107evog ro\u0111aka je zaklju\u010dana, oti\u0161ao \u010dovjek u njivu da radi. Na\u0111u oni njega, otklju\u010da on vrata, ulaze, unutra mrak, spu\u0161tene roletne&#8230; Vrata najprije ne mogu skroz da se otvore jer neko stoji iza. Tu ugledaju \u010dovjeka, pitaju ga: &#8216;\u0160ta radi\u0161 ti tu, \u010di\u010da?&#8217;, ka\u017ee on: &#8216;Ni\u0161ta.&#8217; Pale svjetlo, di\u017eu roletne i vide na stolu dva pi\u0161tolja, a tu su li\u010dna karta i vojna legitimacija. Otvaraju legitimaciju, a unutra pi\u0161e &#8211; Ratko Mladi\u0107. Pitaju ga ko ti je ovo, a on ka\u017ee: &#8216;To sam ja.&#8217; Nisu ga prepoznali.<\/p>\n<p>&#8220;Nisam se sreo s Mladi\u0107em. Imao sam princip da se ne sretnem ni sa jednim od optu\u017eenika. Moj zamjenik Bruno Vekari\u0107 je razgovarao s njim. Mladi\u0107 ga pitao: &#8216;Bruno, jesi li ti Srbin ili Hrvat?&#8217; Bruno je tad pokazao empatiju.<\/p>\n<p>Ina\u010de, Mladi\u0107 je tra\u017eio da mu obezbijedimo televizor, pa mu je Vekari\u0107 dao svoj iz kancelarije. A kad je trebalo da bude preba\u010den u Hag, tra\u017eio je da posjeti k\u0107erkin grob. Onda su ovi na\u0161i sve zakomplikovali, iz bezbjednosnih razloga, pa su onda htjeli da mu dozvole samo nekoliko minuta da ostane&#8230;<\/p>\n<p>Pla\u0161ili su se, tad sam im rekao: &#8216;Je l\u2019 treba ja da idem da obezbje\u0111ujem, evo krenu\u0107u ako treba.&#8217; Rekao sam neka ostane na groblju koliko god ho\u0107e. Ostao je 45 minuta&#8221;, pri\u010da Vuk\u010devi\u0107 za Kurir.rs.<\/p>\n<\/div>\n","protected":false},"excerpt":{"rendered":"<p>Vladimir Vuk\u010devi\u0107 je 13 godina bio srpski tu\u017eilac za ratne zlo\u010dine, a u ekskluzivnoj ispovijesti za Kurir je otkrio da je jedan od najdramati\u010dnijih trenutaka u njegovom \u017eivotu bilo hap\u0161enje nekada\u0161njeg generala VRS Ratka Mladi\u0107a, koji je godinama izbjegavao svoje progonitelje, uz pomo\u0107 jataka i ljudi iz vojske. Mladi\u0107 se jedno vrijeme krio u vojnim [&hellip;]<\/p>\n","protected":false},"author":59,"featured_media":15247,"comment_status":"open","ping_status":"closed","sticky":false,"template":"","format":"standard","meta":{"inline_featured_image":false,"footnotes":""},"categories":[37],"tags":[],"class_list":{"0":"post-15246","1":"post","2":"type-post","3":"status-publish","4":"format-standard","5":"has-post-thumbnail","7":"category-vijesti"},"acf":[],"_links":{"self":[{"href":"https:\/\/tvsensor.com\/api\/wp\/v2\/posts\/15246","targetHints":{"allow":["GET"]}}],"collection":[{"href":"https:\/\/tvsensor.com\/api\/wp\/v2\/posts"}],"about":[{"href":"https:\/\/tvsensor.com\/api\/wp\/v2\/types\/post"}],"author":[{"embeddable":true,"href":"https:\/\/tvsensor.com\/api\/wp\/v2\/users\/59"}],"replies":[{"embeddable":true,"href":"https:\/\/tvsensor.com\/api\/wp\/v2\/comments?post=15246"}],"version-history":[{"count":1,"href":"https:\/\/tvsensor.com\/api\/wp\/v2\/posts\/15246\/revisions"}],"predecessor-version":[{"id":15249,"href":"https:\/\/tvsensor.com\/api\/wp\/v2\/posts\/15246\/revisions\/15249"}],"wp:featuredmedia":[{"embeddable":true,"href":"https:\/\/tvsensor.com\/api\/wp\/v2\/media\/15247"}],"wp:attachment":[{"href":"https:\/\/tvsensor.com\/api\/wp\/v2\/media?parent=15246"}],"wp:term":[{"taxonomy":"category","embeddable":true,"href":"https:\/\/tvsensor.com\/api\/wp\/v2\/categories?post=15246"},{"taxonomy":"post_tag","embeddable":true,"href":"https:\/\/tvsensor.com\/api\/wp\/v2\/tags?post=15246"}],"curies":[{"name":"wp","href":"https:\/\/api.w.org\/{rel}","templated":true}]}}