{"id":15230,"date":"2019-11-13T14:19:29","date_gmt":"2019-11-13T14:19:29","guid":{"rendered":"https:\/\/senzor.ba\/?p=15230"},"modified":"2024-01-15T21:44:11","modified_gmt":"2024-01-15T20:44:11","slug":"video-vildana-bijedic-zelja-za-povratkom-u-domovinu-je-jaca-od-svega","status":"publish","type":"post","link":"https:\/\/tvsensor.com\/clanak\/video-vildana-bijedic-zelja-za-povratkom-u-domovinu-je-jaca-od-svega\/","title":{"rendered":"(VIDEO) Vildana Bijedi\u0107: \u201c\u017delja za povratkom u domovinu je ja\u010da od svega\u201d"},"content":{"rendered":"<p><strong>Trnoviti \u017eivotni put Vildane Bijedi\u0107 odveo je u mnoge krajeve svijete, gdje je uspjela od izbjegli\u0161tva da izgradi svjetsku karijeru, te studira na presti\u017enim univerzitetima. Vratila se u na\u0161u zemlju kako bi bolje uvezala lokalno stanovni\u0161tvo s dijasporom, te ih ponukala da se vrate nazad.<\/strong><\/p>\n<div class=\"rll-youtube-player\" data-id=\"4GT3deaMjBc\" data-query=\"feature=oembed\">\n<p><iframe loading=\"lazy\" title=\"Vildana Bijedi\u0107: &quot;\u017delja za povratkom u domovinu je ja\u010da od svega&quot;\" width=\"696\" height=\"392\" src=\"https:\/\/www.youtube.com\/embed\/4GT3deaMjBc?feature=oembed\" frameborder=\"0\" allow=\"accelerometer; autoplay; clipboard-write; encrypted-media; gyroscope; picture-in-picture\" allowfullscreen><\/iframe><\/p>\n<\/div>\n<div data-id=\"4GT3deaMjBc\" data-query=\"feature=oembed\">TV1<\/div>\n","protected":false},"excerpt":{"rendered":"<p>Trnoviti \u017eivotni put Vildane Bijedi\u0107 odveo je u mnoge krajeve svijete, gdje je uspjela od izbjegli\u0161tva da izgradi svjetsku karijeru, te studira na presti\u017enim univerzitetima. Vratila se u na\u0161u zemlju kako bi bolje uvezala lokalno stanovni\u0161tvo s dijasporom, te ih ponukala da se vrate nazad. TV1<\/p>\n","protected":false},"author":59,"featured_media":15234,"comment_status":"open","ping_status":"closed","sticky":false,"template":"","format":"standard","meta":{"inline_featured_image":false,"footnotes":""},"categories":[39],"tags":[],"class_list":{"0":"post-15230","1":"post","2":"type-post","3":"status-publish","4":"format-standard","5":"has-post-thumbnail","7":"category-dijaspora"},"acf":[],"_links":{"self":[{"href":"https:\/\/tvsensor.com\/api\/wp\/v2\/posts\/15230","targetHints":{"allow":["GET"]}}],"collection":[{"href":"https:\/\/tvsensor.com\/api\/wp\/v2\/posts"}],"about":[{"href":"https:\/\/tvsensor.com\/api\/wp\/v2\/types\/post"}],"author":[{"embeddable":true,"href":"https:\/\/tvsensor.com\/api\/wp\/v2\/users\/59"}],"replies":[{"embeddable":true,"href":"https:\/\/tvsensor.com\/api\/wp\/v2\/comments?post=15230"}],"version-history":[{"count":1,"href":"https:\/\/tvsensor.com\/api\/wp\/v2\/posts\/15230\/revisions"}],"predecessor-version":[{"id":15236,"href":"https:\/\/tvsensor.com\/api\/wp\/v2\/posts\/15230\/revisions\/15236"}],"wp:featuredmedia":[{"embeddable":true,"href":"https:\/\/tvsensor.com\/api\/wp\/v2\/media\/15234"}],"wp:attachment":[{"href":"https:\/\/tvsensor.com\/api\/wp\/v2\/media?parent=15230"}],"wp:term":[{"taxonomy":"category","embeddable":true,"href":"https:\/\/tvsensor.com\/api\/wp\/v2\/categories?post=15230"},{"taxonomy":"post_tag","embeddable":true,"href":"https:\/\/tvsensor.com\/api\/wp\/v2\/tags?post=15230"}],"curies":[{"name":"wp","href":"https:\/\/api.w.org\/{rel}","templated":true}]}}