{"id":15079,"date":"2019-11-10T13:27:24","date_gmt":"2019-11-10T13:27:24","guid":{"rendered":"https:\/\/senzor.ba\/?p=15079"},"modified":"2024-01-15T21:44:17","modified_gmt":"2024-01-15T20:44:17","slug":"povratnicka-porodica-iz-srebrenice-zivimo-od-svog-rada-prodamo-sve-sto-proizvedemo","status":"publish","type":"post","link":"https:\/\/tvsensor.com\/clanak\/povratnicka-porodica-iz-srebrenice-zivimo-od-svog-rada-prodamo-sve-sto-proizvedemo\/","title":{"rendered":"Povratni\u010dka porodica iz Srebrenice: \u017divimo od svog rada, prodamo sve \u0161to proizvedemo"},"content":{"rendered":"<p><strong>Povratni\u010dka porodica Hanife i Mevluda Jusufovi\u0107a, koja sa sinom i snahom te dvoje unu\u010dadi \u017eivi u Kara\u010di\u0107ima kod Srebrenice od 2002. godine, privre\u0111uje za \u017eivot bave\u0107i se poljoprivredom i sto\u010darstvom, javlja Fena.<\/strong><\/p>\n<p>Obra\u0111uju vi\u0161e od 100 dunuma zemlje, a sve \u0161to proizvedu uspiju prodati od Srebrenice do Sarajeva. Prodaju povr\u0107e, bra\u0161no i mlije\u010dne proizvode, imaju stalne mu\u0161terije, a ka\u017eu da, iako niko od \u010dlanova porodice nema zaposlenje, solidno \u017eive.<\/p>\n<p>\u2013 Kada smo se vratili u zavi\u010daj dvije godine nismo imali struju, ali nismo odustali od povratka. Ipak, ovdje je lijep \u017eivot, ali tu\u017eno je \u0161to nema naroda \u2013 isti\u010de u razgovoru za Fenu Hanifa Jusufovi\u0107.<\/p>\n<p>Selo Kara\u010di\u0107i od grada je udaljeno oko 18 kilometara, i u ovom mjestu prije rata je bilo oko \u0161ezdeset doma\u0107instava. Danas su tu samo tri porodice.<\/p>\n<p>\u2013 Prije rata se ovdje dobro \u017eivjelo, iako nije bilo nikakvih ma\u0161ina i mehanizacije koje olak\u0161avaju rad u poljoprivredi. Uprkos tome, svima je bilo lijepo. Danas niko nije zadovoljan \u017eivotom. Biv\u0161i stanovnici do\u0111u ponekad i posjete svoj zavi\u010daj, a najvi\u0161e njih dolaze za 11. juli. \u2013 ka\u017ee Hanifa Jusufovi\u0107.<\/p>\n<p>Ova porodica za obradu zemlje ima samo kosa\u010dicu i frezu, a svaki vid pomo\u0107i bi im, ka\u017eu, dobro do\u0161ao.<\/p>\n<p>\u2013 Od UNDP-a smo dobili frezu, a od fondacije \u2018Bauren helfen Bauren\u2019 kosa\u010dicu. To je sve \u0161to smo dobili, a drugu nephodnu mehanizaciju kupili smo od li\u010dnih sredstava. Svaka pomo\u0107 je dobro do\u0161la, ali treba ustati za nafakom. Mi ranim jutarnjim satima krenemo s radom \u2013 isti\u010de ona.<\/p>\n<p>U naselju Kara\u010di\u0107i nedavno je asfaltiran put sredstvima mje\u0161tana iz sela i onih koji su u dijaspori, uz u\u010de\u0161\u0107e i resornog federalnog ministarstva i Op\u0107ine Srebrenica.<\/p>\n<p>\u2013 Mnogo nam zna\u010di \u0161to je asfaltiran put koji je nephodan za \u017eivot u na\u0161em mjestu, jer lak\u0161e je \u017eivjeti kad imaju osnovne uslove za \u017eivot. Zadovoljna sam \u017eivotom i ovdje \u0107u \u017eivjeti do kraja svog \u017eivota \u2013 poru\u010duje Hanifa Jusufovi\u0107<\/p>\n<p>Dodaje da je donedavno bila na evidenciji Biroa za zapo\u0161ljavanje, ali kad je napunila 65 godina izgubila je pravo i od tada sama sebi pla\u0107a mjese\u010dno zdravstevno osiguranje u iznosu 30 konvertibilnih maraka.<\/p>\n","protected":false},"excerpt":{"rendered":"<p>Povratni\u010dka porodica Hanife i Mevluda Jusufovi\u0107a, koja sa sinom i snahom te dvoje unu\u010dadi \u017eivi u Kara\u010di\u0107ima kod Srebrenice od 2002. godine, privre\u0111uje za \u017eivot bave\u0107i se poljoprivredom i sto\u010darstvom, javlja Fena. Obra\u0111uju vi\u0161e od 100 dunuma zemlje, a sve \u0161to proizvedu uspiju prodati od Srebrenice do Sarajeva. Prodaju povr\u0107e, bra\u0161no i mlije\u010dne proizvode, imaju [&hellip;]<\/p>\n","protected":false},"author":59,"featured_media":15080,"comment_status":"open","ping_status":"closed","sticky":false,"template":"","format":"standard","meta":{"inline_featured_image":false,"footnotes":""},"categories":[44],"tags":[],"class_list":{"0":"post-15079","1":"post","2":"type-post","3":"status-publish","4":"format-standard","5":"has-post-thumbnail","7":"category-poljoprivreda"},"acf":[],"_links":{"self":[{"href":"https:\/\/tvsensor.com\/api\/wp\/v2\/posts\/15079","targetHints":{"allow":["GET"]}}],"collection":[{"href":"https:\/\/tvsensor.com\/api\/wp\/v2\/posts"}],"about":[{"href":"https:\/\/tvsensor.com\/api\/wp\/v2\/types\/post"}],"author":[{"embeddable":true,"href":"https:\/\/tvsensor.com\/api\/wp\/v2\/users\/59"}],"replies":[{"embeddable":true,"href":"https:\/\/tvsensor.com\/api\/wp\/v2\/comments?post=15079"}],"version-history":[{"count":1,"href":"https:\/\/tvsensor.com\/api\/wp\/v2\/posts\/15079\/revisions"}],"predecessor-version":[{"id":15082,"href":"https:\/\/tvsensor.com\/api\/wp\/v2\/posts\/15079\/revisions\/15082"}],"wp:featuredmedia":[{"embeddable":true,"href":"https:\/\/tvsensor.com\/api\/wp\/v2\/media\/15080"}],"wp:attachment":[{"href":"https:\/\/tvsensor.com\/api\/wp\/v2\/media?parent=15079"}],"wp:term":[{"taxonomy":"category","embeddable":true,"href":"https:\/\/tvsensor.com\/api\/wp\/v2\/categories?post=15079"},{"taxonomy":"post_tag","embeddable":true,"href":"https:\/\/tvsensor.com\/api\/wp\/v2\/tags?post=15079"}],"curies":[{"name":"wp","href":"https:\/\/api.w.org\/{rel}","templated":true}]}}