{"id":15074,"date":"2019-11-10T13:23:25","date_gmt":"2019-11-10T13:23:25","guid":{"rendered":"https:\/\/senzor.ba\/?p=15074"},"modified":"2024-01-15T21:44:17","modified_gmt":"2024-01-15T20:44:17","slug":"jedan-od-posljednjih-majstora-svog-zanata-vujanovic-u-devetoj-deceniji-sije-kape-i-sesire","status":"publish","type":"post","link":"https:\/\/tvsensor.com\/clanak\/jedan-od-posljednjih-majstora-svog-zanata-vujanovic-u-devetoj-deceniji-sije-kape-i-sesire\/","title":{"rendered":"Jedan od posljednjih majstora svog zanata: Vujanovi\u0107 u devetoj deceniji \u0161ije kape i \u0161e\u0161ire"},"content":{"rendered":"<p>Prije vi\u0161e od \u0161ezdeset godina \u010dika Pero, kako ga od milja svi zovu, je izu\u010dio kroja\u010dki zanat.<\/p>\n<p>On mu je pored porodice uvijek zna\u010dio sve. Prije godinu i po dana umrla mu je supruga, koja je radila s njim u radionici.<\/p>\n<p>Njegova soba prepuna je prekrasnih kapa i \u0161ubara, ali kako ka\u017ee, kupaca ima malo, iako ima i svoj \u0161tand u centru grada.<\/p>\n<p>Prijedor\u010dani slabo kupuju, a ru\u010dni rad se danas ne cijeni previ\u0161e, ka\u017ee Vujanovi\u0107.<\/p>\n<p><strong>\u0160ije za vjerne mu\u0161terije<\/strong><\/p>\n<p>Kroja\u010dki zanat Vujanovi\u0107 je zavr\u0161io davne 1957. godine, te stekao zvanje mu\u0161ki kroja\u010d te\u0161ke konfekcije krojene po mjeri, a to su odijela, mantili, zimski kaputi, prsluci, a kape je tada radio samo po narud\u017ebi mu\u0161terije kojoj je \u0161io odijelo.<\/p>\n<ul>\n<li>Radio sam u preduze\u0107ima \u2018Pobjeda\u2019 i \u2018Borac Travnik\u2019, a kada je preduze\u0107e propalo, supruga Gina i ja smo otvorili privatni kroja\u010dki salon. Od \u0161iva\u0107e ma\u0161ine sam uvijek zara\u0111ivao kruh, a evo tako je i danas. Pomalo, koliko mogu uradim svojim vjernim mu\u0161terijama. Vid mi je sad malo slabiji, ali ruka i dalje sigurna \u2013 ka\u017ee uz osmijeh Vujanovi\u0107, nabrajaju\u0107i nam imena predaka koji su \u017eivjeli i vi\u0161e od sto godina.<\/li>\n<\/ul>\n<p>Simpati\u010dno ka\u017ee da se nada da \u0107e i njegov \u017eivotni vijek potrajati, pi\u0161e Anadolija.<\/p>\n<p><strong>Najvi\u0161e se tra\u017eile \u201clenjinovke\u201d i \u201cmicne\u201d<\/strong><\/p>\n<p>Dok je radio sa suprugom, svaki dan se prodavala roba na \u0161tandu. Jedno od njih je \u0161ilo u radionici, a onaj drugi je izlazio na \u0161tand da prodaje kape.<\/p>\n<p>Ka\u017ee da su se najvi\u0161e tra\u017eile \u201clenjinovke\u201d i \u201cmicne\u201d, a Prijedor\u010danke kako navodi ne nose puno \u0161e\u0161ire pa nisu puno ni \u0161ivali \u017eenske \u0161ubare.<\/p>\n<p>\u2013 Kape i \u0161e\u0161iri se kroje po nekim standardnim veli\u010dinama, ali nekad ima posebnih narud\u017ebi. No, poslednjih godina slabo se to prodaje. Evo jedna kapa ko\u0161ta do 15 KM, ali mnogima je i to skupo, ne cijeni se mnogo ru\u010dni rad. Poku\u0161ao sam sara\u0111ivati i s nekim buticima, ali ni od toga nije bilo vajde, jer bi svi htjeli da im date skoro za d\u017eabe ono \u0161to uradite \u2013 pri\u010da iskreno Vujanovi\u0107.<\/p>\n<figure class=\"wp-block-image\"><img decoding=\"async\" class=\"wp-image-49982\" src=\"https:\/\/static.hayat.ba\/2019\/11\/vujanovic-sesiri-anadolija-4.jpg\" sizes=\"(max-width: 900px) 100vw, 900px\" srcset=\"https:\/\/static.hayat.ba\/2019\/11\/vujanovic-sesiri-anadolija-4.jpg 900w, https:\/\/static.hayat.ba\/2019\/11\/vujanovic-sesiri-anadolija-4-300x225.jpg 300w, https:\/\/static.hayat.ba\/2019\/11\/vujanovic-sesiri-anadolija-4-768x576.jpg 768w, https:\/\/static.hayat.ba\/2019\/11\/vujanovic-sesiri-anadolija-4-80x60.jpg 80w, https:\/\/static.hayat.ba\/2019\/11\/vujanovic-sesiri-anadolija-4-265x198.jpg 265w, https:\/\/static.hayat.ba\/2019\/11\/vujanovic-sesiri-anadolija-4-696x522.jpg 696w, https:\/\/static.hayat.ba\/2019\/11\/vujanovic-sesiri-anadolija-4-560x420.jpg 560w\" alt=\"\" \/><\/figure>\n<p><strong>\u0160iva\u0107e ma\u0161ine stare od 50 do 100 godina<\/strong><\/p>\n<p>Vujanovi\u0107 ponosno isti\u010de da ma\u0161ina na kojoj \u0161ije ima vi\u0161e od 50 godina, dok druga, koja stoji pokrivena, ima vi\u0161e od sto godina.<\/p>\n<p>U \u0161ali ka\u017ee da je \u010desto sebi zabijao iglu u prst, ali da je i to i dio posla kojeg je neizmjerno volio i voli i danas.<\/p>\n<ul>\n<li>Danas je \u010desto te\u0161ko nabaviti i potreban pribor, koji je neophodan za rad, jer morate imati kvalitetan \u0161tof, podstavu, vatelin, plastiku ili karton, a za izradu jedne \u2018enjinovke\u2019 neophodno je raditi osam sati. \u017dalosno je \u0161to dana\u0161nja omladina nema posla, ali ne \u017eeli u\u010diti zanat. Nikog to ne zanima, mada bih mu ja znanje besplatno prenio i pokazao sve \u0161to znam. Ali, nema nikog \u2013 poru\u010duje vreme\u0161ni i nasmijani Vujanovi\u0107.<\/li>\n<\/ul>\n<p>Jedan od poslednjih prijedorskih \u0161kolovanih kroja\u010da ka\u017ee da je danas najvi\u0161e takozvanih \u201cpriu\u010denih\u201d kroja\u010da, a da je malo \u0161kolovanih.<\/p>\n<p>\u017dali za nekim davnim vremenima, kada su \u0161tofovi u biv\u0161oj Jugoslaviji, kako ka\u017ee, bili mnogo kvalitetniji, nego neki koji su se tad po paprenoj cijeni donosili iz Italije.<\/p>\n<p>Isti\u010de da ma\u0161ina i danas ima posebno mjesto u njegovom srcu, jer je rade\u0107i na njoj hranio porodicu, \u0161kolovao djecu i izgradio pristojan \u017eivot.<\/p>\n","protected":false},"excerpt":{"rendered":"<p>Prije vi\u0161e od \u0161ezdeset godina \u010dika Pero, kako ga od milja svi zovu, je izu\u010dio kroja\u010dki zanat. On mu je pored porodice uvijek zna\u010dio sve. Prije godinu i po dana umrla mu je supruga, koja je radila s njim u radionici. Njegova soba prepuna je prekrasnih kapa i \u0161ubara, ali kako ka\u017ee, kupaca ima malo, [&hellip;]<\/p>\n","protected":false},"author":59,"featured_media":15076,"comment_status":"open","ping_status":"closed","sticky":false,"template":"","format":"standard","meta":{"inline_featured_image":false,"footnotes":""},"categories":[46],"tags":[],"class_list":{"0":"post-15074","1":"post","2":"type-post","3":"status-publish","4":"format-standard","5":"has-post-thumbnail","7":"category-kultura"},"acf":[],"_links":{"self":[{"href":"https:\/\/tvsensor.com\/api\/wp\/v2\/posts\/15074","targetHints":{"allow":["GET"]}}],"collection":[{"href":"https:\/\/tvsensor.com\/api\/wp\/v2\/posts"}],"about":[{"href":"https:\/\/tvsensor.com\/api\/wp\/v2\/types\/post"}],"author":[{"embeddable":true,"href":"https:\/\/tvsensor.com\/api\/wp\/v2\/users\/59"}],"replies":[{"embeddable":true,"href":"https:\/\/tvsensor.com\/api\/wp\/v2\/comments?post=15074"}],"version-history":[{"count":1,"href":"https:\/\/tvsensor.com\/api\/wp\/v2\/posts\/15074\/revisions"}],"predecessor-version":[{"id":15078,"href":"https:\/\/tvsensor.com\/api\/wp\/v2\/posts\/15074\/revisions\/15078"}],"wp:featuredmedia":[{"embeddable":true,"href":"https:\/\/tvsensor.com\/api\/wp\/v2\/media\/15076"}],"wp:attachment":[{"href":"https:\/\/tvsensor.com\/api\/wp\/v2\/media?parent=15074"}],"wp:term":[{"taxonomy":"category","embeddable":true,"href":"https:\/\/tvsensor.com\/api\/wp\/v2\/categories?post=15074"},{"taxonomy":"post_tag","embeddable":true,"href":"https:\/\/tvsensor.com\/api\/wp\/v2\/tags?post=15074"}],"curies":[{"name":"wp","href":"https:\/\/api.w.org\/{rel}","templated":true}]}}