{"id":15067,"date":"2019-11-10T13:15:23","date_gmt":"2019-11-10T13:15:23","guid":{"rendered":"https:\/\/senzor.ba\/?p=15067"},"modified":"2024-01-15T21:44:17","modified_gmt":"2024-01-15T20:44:17","slug":"dijaspora-za-razvoj-450-radnih-mjesta-u-bih","status":"publish","type":"post","link":"https:\/\/tvsensor.com\/clanak\/dijaspora-za-razvoj-450-radnih-mjesta-u-bih\/","title":{"rendered":"Dijaspora za razvoj: 450 radnih mjesta u BiH"},"content":{"rendered":"<div class=\"post-content post-single-content\">\n<p><strong>Ministarstvo za ljudska prava i izbjeglice Bosne i Hercegovine i Vlade \u0160vajcarske, u partnerstvu sa UNDP-jem Bosne i Hercegovine i Me\u0111unarodnom organizacijom za migracije, zajedni\u010dki u dvadeset lokalnih sredina u na\u0161oj zemlji realizuju projekat \u201cDijaspora za razvoj\u201d.<\/strong><\/p>\n<p>Op\u0161tina \u017dep\u010de jedna je od prvih lokalnih zajednica, koja je u\u0161la u ovaj projekat, a rezultati su itekako vidljivi na terenu.<\/p>\n<p>Ro\u0111eni \u017dep\u010dak, Ivo Klari\u0107, \u0161kolovao se u Norve\u0161koj gdje je stekao dragocjene vje\u0161tine. Svoje znanje, uz podr\u0161ku kompanije u kojoj je radio u Norve\u0161koj, iskoristio je da realizira zna\u010dajnu investiciju u svom rodnom gradu gdje zapo\u0161ljava 30 ljudi. Taj broj uskoro \u0107e biti i ve\u0107i, jer je investicija opravdala o\u010dekivanja.<\/p>\n<blockquote class=\"wp-block-quote\"><p>\u201cJa sam bio direktor na\u0161e kompanije u Kini i izrazio sam \u017eelju, jer ovdje imam tehni\u010dku potporu, kada sam kod ku\u0107e, tako da smo krenuli prvo s nekim 3D dizajnom i crtanjem za na\u0161e kompanije, a kasnije je do\u0161lo do odluke da ulo\u017eimo novac i da napravimo proizvodnju\u201d, rekao je Ivo Klari\u0107, direktor kompanije \u201cEagle Technology\u201d, \u017dep\u010de.<\/p><\/blockquote>\n<p>Primjer iz \u017dep\u010da jedan je od brojnih pozitivnih primjera u Bosni i Hercegovini. Svjesni zna\u010daja i potencijala dijaspore, Ministarstvo za ljudska prava i izbjeglice Bosne i Hercegovine i Ambasada \u0160vicarske u na\u0161oj zemlji, u partnerstvu sa Razvojnim programom UN-a, 2017. godine pokrenuli su projekat \u201cDijaspora za razvoj\u201d, koji ve\u0107 daje konkretne rezultate.<\/p>\n<blockquote class=\"wp-block-quote\"><p>\u201cOna je, zapravo, jedan konstruktivni element bh. dru\u0161tva. Ona tako\u0111er mo\u017ee da bude i korektivni element bh. dru\u0161tva. Ali, svakako, ono \u0161to je najva\u017enije jeste da je ona zapravo jedan kapital kojeg smo svjesni, ne samo kroz doznake koje se slijevaju godi\u0161nje u Bosnu i Hercegovinu nego, prije svega, kroz ono \u0161to u smislu znanja na\u0161a dijaspora posjeduje\u201d, rekao je Kemal Sara\u010d iz Ministarstva za ljudska prava i izbjeglice Bosne i Hercegovine.<\/p><\/blockquote>\n<p>Konkretni rezultati projekta \u201cDijaspora za razvoj\u201d su otvaranje oko 450 radnih mjesta u 20 lokalnih sredina u Bosni i Hercegovini, gdje se projekat implementira. Klju\u010dnu ulogu za uspjeh ovog i sli\u010dnih projekata imaju lokalne zajednice.<\/p>\n<blockquote class=\"wp-block-quote\"><p>\u201cKako bi to bilo omogu\u0107eno i op\u0161tina sama mora da stvori pogodno ozra\u010dje za to. Zato je bitno u tom anga\u017emanu da se oja\u010daju veze, odnosno na\u010din saradnje izme\u0111u op\u0161tine i dijaspore\u201d, smatra Patrik Egli, \u0161ef Me\u0111unarodne pomo\u0107i Ambasade \u0160vicarske u Bosni i Hercegovini.<\/p><\/blockquote>\n<p>U vi\u0161e od 50 zemalja svijeta \u017eivi oko dva miliona Bosanaca i Hercegovaca, koji godi\u0161nje po raznim osnovama u na\u0161u zemlju po\u0161alju u prosjeku tri milijarde KM. Ovo je zna\u010dajan pozitivni korektiv standarda gra\u0111ana u Bosni i Hercegovini. Ipak, va\u017enije od novca kojeg \u0161alju porodici i prijateljima, mo\u017ee biti ulaganje sredstava i stre\u010denih znanja u dugoro\u010dni privredni razvoj Bosne i Hercegovine.<\/p>\n<p><iframe loading=\"lazy\" title=\"Projekat   \u201eDijaspora za razvoj\u201c\" width=\"696\" height=\"392\" src=\"https:\/\/www.youtube.com\/embed\/X4vYTI3PBDQ?feature=oembed\" frameborder=\"0\" allow=\"accelerometer; autoplay; clipboard-write; encrypted-media; gyroscope; picture-in-picture\" allowfullscreen><\/iframe><\/p>\n<\/div>\n<div class=\"post-tags-container\">\n<div class=\"post-tags post-tags-source\"><a class=\"post-tags-item\" href=\"https:\/\/bhrt.ba\/dijaspora-za-razvoj-450-radnih-mjesta-u-bih\/\">BHRT<\/a><\/div>\n<\/div>\n","protected":false},"excerpt":{"rendered":"<p>Ministarstvo za ljudska prava i izbjeglice Bosne i Hercegovine i Vlade \u0160vajcarske, u partnerstvu sa UNDP-jem Bosne i Hercegovine i Me\u0111unarodnom organizacijom za migracije, zajedni\u010dki u dvadeset lokalnih sredina u na\u0161oj zemlji realizuju projekat \u201cDijaspora za razvoj\u201d. Op\u0161tina \u017dep\u010de jedna je od prvih lokalnih zajednica, koja je u\u0161la u ovaj projekat, a rezultati su itekako [&hellip;]<\/p>\n","protected":false},"author":59,"featured_media":15068,"comment_status":"open","ping_status":"closed","sticky":false,"template":"","format":"standard","meta":{"inline_featured_image":false,"footnotes":""},"categories":[43,42],"tags":[],"class_list":{"0":"post-15067","1":"post","2":"type-post","3":"status-publish","4":"format-standard","5":"has-post-thumbnail","7":"category-bih","8":"category-ekonomija"},"acf":[],"_links":{"self":[{"href":"https:\/\/tvsensor.com\/api\/wp\/v2\/posts\/15067","targetHints":{"allow":["GET"]}}],"collection":[{"href":"https:\/\/tvsensor.com\/api\/wp\/v2\/posts"}],"about":[{"href":"https:\/\/tvsensor.com\/api\/wp\/v2\/types\/post"}],"author":[{"embeddable":true,"href":"https:\/\/tvsensor.com\/api\/wp\/v2\/users\/59"}],"replies":[{"embeddable":true,"href":"https:\/\/tvsensor.com\/api\/wp\/v2\/comments?post=15067"}],"version-history":[{"count":1,"href":"https:\/\/tvsensor.com\/api\/wp\/v2\/posts\/15067\/revisions"}],"predecessor-version":[{"id":15069,"href":"https:\/\/tvsensor.com\/api\/wp\/v2\/posts\/15067\/revisions\/15069"}],"wp:featuredmedia":[{"embeddable":true,"href":"https:\/\/tvsensor.com\/api\/wp\/v2\/media\/15068"}],"wp:attachment":[{"href":"https:\/\/tvsensor.com\/api\/wp\/v2\/media?parent=15067"}],"wp:term":[{"taxonomy":"category","embeddable":true,"href":"https:\/\/tvsensor.com\/api\/wp\/v2\/categories?post=15067"},{"taxonomy":"post_tag","embeddable":true,"href":"https:\/\/tvsensor.com\/api\/wp\/v2\/tags?post=15067"}],"curies":[{"name":"wp","href":"https:\/\/api.w.org\/{rel}","templated":true}]}}