{"id":15066,"date":"2019-11-10T13:18:12","date_gmt":"2019-11-10T13:18:12","guid":{"rendered":"https:\/\/senzor.ba\/?p=15066"},"modified":"2024-01-15T21:44:17","modified_gmt":"2024-01-15T20:44:17","slug":"dogovoren-mali-sengen-bih-pozvana-da-se-pridruzi","status":"publish","type":"post","link":"https:\/\/tvsensor.com\/clanak\/dogovoren-mali-sengen-bih-pozvana-da-se-pridruzi\/","title":{"rendered":"Dogovoren mali \u0160engen, BiH pozvana da se pridru\u017ei"},"content":{"rendered":"<p>U svoj sistem olak\u0161anih odnosa pozvali su i druge zemlje regiona.<\/p>\n<p>Zaev je rekao da je sastanak bio u vezi Balkana u 21. vijeku kako bi bio bolje mjesto za \u017eivot.<\/p>\n<ul>\n<li>Otvorili smo akcioni plan koji stvara druga\u010diji Balkan od onog koji poznajemo. Mo\u017eete zamisliti Srbiju, Albaniju i Sjevernu Makedoniju koji pozivaju ostale zemlje Balkana da uradimo jo\u0161 vi\u0161e \u2013 rekao je Zaev.<\/li>\n<\/ul>\n<p>Sastanak o malom Schengenu po\u010deo je samo s tri dr\u017eavnika, ali su se uskoro pridru\u017eili predsjedavaju\u0107i Vije\u0107a ministara BiH Denis Zvizdi\u0107 i ministrica privrede Crne Gore Dragica Sekuli\u0107, pi\u0161e\u00a0<a href=\"https:\/\/www.klix.ba\/vijesti\/bih\/dogovoren-laksi-rad-i-putovanje-za-gradjane-srbije-albanije-i-s-makedonije-bih-pozvana-da-se-pridruzi\/191110025\">Klix.ba<\/a>.<\/p>\n<ul>\n<li>Osnovna karakteristika je da je ovaj dokument unutra\u0161nja \u017eelja, a ne pod patronatom spolja \u2013 rekao je Rama koji je najavio da \u0107e sljede\u0107i sastanak biti 21. decembra u Dra\u010du, a na tom samitu \u0107e biti predstavnik EU.<\/li>\n<\/ul>\n<ul>\n<li>\u017delimo da u Dra\u010du vidimo i Crnu Goru i BiH koji \u0107e \u017eeljeti da u\u0111u u cijeli ovaj proces, a da u proces bude uklju\u010deno i Kosovo ravnopravno i na legalnim osnovama.<\/li>\n<\/ul>\n<p>Vu\u010di\u0107 je rekao da je sa Zaevom i Ramom dogovoreno da fitosantarne i veterinarske inspekcije rade 24 \u010dasa dnevno, \u0161to \u0107e trostruko ubrzati prelaz kamiona sa robom.<\/p>\n<p>Vu\u010di\u0107 smatra da je ovo dobar dogovor za gra\u0111ane Srbije i da se ne pla\u0161i pritisaka koji \u0107e zbog toga uslijediti.<\/p>\n<ul>\n<li>Nema argumenata za napad na ovo, radit \u0107e se zato iznutra, iz regiona, na druga\u010dije na\u010dine, uz razli\u010dita politi\u010dka opravdanja, na primjer, da Srbija nije priznala Kosovo i druge. Nas trojica smo razgovarali i vrlo smo odlu\u010dni da guramo ono \u0161to je dobro za na\u0161e gra\u0111ane \u2013 rekao je Vu\u010di\u0107 za RTS.<\/li>\n<\/ul>\n<p>Prema njegovim rije\u010dima, ovaj dogovori dovest \u0107e do nevjerovatnog smanjenja operativnih tro\u0161kova, kreirat \u0107e investicioni ambijent, te koristiti i mnogim njema\u010dkim i stranim kompanijama.<\/p>\n","protected":false},"excerpt":{"rendered":"<p>U svoj sistem olak\u0161anih odnosa pozvali su i druge zemlje regiona. Zaev je rekao da je sastanak bio u vezi Balkana u 21. vijeku kako bi bio bolje mjesto za \u017eivot. Otvorili smo akcioni plan koji stvara druga\u010diji Balkan od onog koji poznajemo. Mo\u017eete zamisliti Srbiju, Albaniju i Sjevernu Makedoniju koji pozivaju ostale zemlje Balkana [&hellip;]<\/p>\n","protected":false},"author":59,"featured_media":15070,"comment_status":"open","ping_status":"closed","sticky":false,"template":"","format":"standard","meta":{"inline_featured_image":false,"footnotes":""},"categories":[40],"tags":[],"class_list":{"0":"post-15066","1":"post","2":"type-post","3":"status-publish","4":"format-standard","5":"has-post-thumbnail","7":"category-region"},"acf":[],"_links":{"self":[{"href":"https:\/\/tvsensor.com\/api\/wp\/v2\/posts\/15066","targetHints":{"allow":["GET"]}}],"collection":[{"href":"https:\/\/tvsensor.com\/api\/wp\/v2\/posts"}],"about":[{"href":"https:\/\/tvsensor.com\/api\/wp\/v2\/types\/post"}],"author":[{"embeddable":true,"href":"https:\/\/tvsensor.com\/api\/wp\/v2\/users\/59"}],"replies":[{"embeddable":true,"href":"https:\/\/tvsensor.com\/api\/wp\/v2\/comments?post=15066"}],"version-history":[{"count":2,"href":"https:\/\/tvsensor.com\/api\/wp\/v2\/posts\/15066\/revisions"}],"predecessor-version":[{"id":15073,"href":"https:\/\/tvsensor.com\/api\/wp\/v2\/posts\/15066\/revisions\/15073"}],"wp:featuredmedia":[{"embeddable":true,"href":"https:\/\/tvsensor.com\/api\/wp\/v2\/media\/15070"}],"wp:attachment":[{"href":"https:\/\/tvsensor.com\/api\/wp\/v2\/media?parent=15066"}],"wp:term":[{"taxonomy":"category","embeddable":true,"href":"https:\/\/tvsensor.com\/api\/wp\/v2\/categories?post=15066"},{"taxonomy":"post_tag","embeddable":true,"href":"https:\/\/tvsensor.com\/api\/wp\/v2\/tags?post=15066"}],"curies":[{"name":"wp","href":"https:\/\/api.w.org\/{rel}","templated":true}]}}