{"id":15047,"date":"2019-11-09T13:52:36","date_gmt":"2019-11-09T13:52:36","guid":{"rendered":"https:\/\/senzor.ba\/?p=15047"},"modified":"2024-01-15T21:44:18","modified_gmt":"2024-01-15T20:44:18","slug":"po-jakom-nevremenu-skokom-bez-aplauza-obiljezena-26-godisnjica-rusenja-starog-mosta","status":"publish","type":"post","link":"https:\/\/tvsensor.com\/clanak\/po-jakom-nevremenu-skokom-bez-aplauza-obiljezena-26-godisnjica-rusenja-starog-mosta\/","title":{"rendered":"Po jakom nevremenu, skokom bez aplauza, obilje\u017eena 26. godi\u0161njica ru\u0161enja Starog mosta"},"content":{"rendered":"<p>&nbsp;<\/p>\n<p>\u201cDoga\u0111aj koji se dogodio na dana\u0161nji dan do\u017eivljavam sa suzama u sebi, osje\u0107aji su mi pomije\u0161ani i ovaj skok mi je najte\u017ei i najdra\u017ei u isto vrijeme. Prije skoka sam se molio i za sebe i za sve poginule borce i branoce. Volio bih da su vremenski uslovi bili druga\u010diji, bila je potrebna velika hrabrost, ali to je na\u0161 posao i mi \u0107emo ga obaviti bez obzira na sve\u201d, kazao je Kreso.<\/p>\n<p>Obilje\u017eavanju ru\u0161enja simbola grada na Neretvi prisustvovali su brojni u\u010denici osnovnih i srednjih \u0161kola, a po obi\u010daju, nije prisustvovao niko od \u010delnika Mostara.<\/p>\n<p><img loading=\"lazy\" decoding=\"async\" class=\"alignnone size-medium wp-image-15049\" src=\"https:\/\/tvsensor.com\/wp-content\/uploads\/2019\/11\/61783895-200x300.jpg\" alt=\"\" width=\"200\" height=\"300\" srcset=\"https:\/\/tvsensor.com\/wp-content\/uploads\/2019\/11\/61783895-200x300.jpg 200w, https:\/\/tvsensor.com\/wp-content\/uploads\/2019\/11\/61783895-768x1153.jpg 768w, https:\/\/tvsensor.com\/wp-content\/uploads\/2019\/11\/61783895-682x1024.jpg 682w, https:\/\/tvsensor.com\/wp-content\/uploads\/2019\/11\/61783895-750x1125.jpg 750w, https:\/\/tvsensor.com\/wp-content\/uploads\/2019\/11\/61783895-1140x1711.jpg 1140w, https:\/\/tvsensor.com\/wp-content\/uploads\/2019\/11\/61783895.jpg 1536w\" sizes=\"auto, (max-width: 200px) 100vw, 200px\" \/><\/p>\n<p>Uz predstavnike pojedinih politi\u010dkih partija, na Starom mostu bili su \u0160erif \u0160pago, predsjedavaju\u0107i Skup\u0161tine HNK i dr. Ra\u0161id Had\u017eovi\u0107, ministar prosvjete, nauke, kulture i sporta Vlade HNK-a.<\/p>\n<p>Stari most djelo je turskog graditelja Hajrudina, a sagra\u0111en je u periodu izme\u0111u 1557. i 1566. godine.<\/p>\n<p>Stari most je, nakon \u0161to je sru\u0161en, rekonstruisan i potpuno obnovljen 2004. godine, a godinu kasnije uvr\u0161ten je na listu UNESCO-vih za\u0161ti\u0107enih spomenika kulture.<\/p>\n<p><strong>(NovaSloboda.ba)<\/strong><\/p>\n","protected":false},"excerpt":{"rendered":"<p>&nbsp; \u201cDoga\u0111aj koji se dogodio na dana\u0161nji dan do\u017eivljavam sa suzama u sebi, osje\u0107aji su mi pomije\u0161ani i ovaj skok mi je najte\u017ei i najdra\u017ei u isto vrijeme. Prije skoka sam se molio i za sebe i za sve poginule borce i branoce. Volio bih da su vremenski uslovi bili druga\u010diji, bila je potrebna velika [&hellip;]<\/p>\n","protected":false},"author":7,"featured_media":15050,"comment_status":"open","ping_status":"closed","sticky":false,"template":"","format":"standard","meta":{"inline_featured_image":false,"footnotes":""},"categories":[38],"tags":[],"class_list":{"0":"post-15047","1":"post","2":"type-post","3":"status-publish","4":"format-standard","5":"has-post-thumbnail","7":"category-vijesti-iz-bih"},"acf":[],"_links":{"self":[{"href":"https:\/\/tvsensor.com\/api\/wp\/v2\/posts\/15047","targetHints":{"allow":["GET"]}}],"collection":[{"href":"https:\/\/tvsensor.com\/api\/wp\/v2\/posts"}],"about":[{"href":"https:\/\/tvsensor.com\/api\/wp\/v2\/types\/post"}],"author":[{"embeddable":true,"href":"https:\/\/tvsensor.com\/api\/wp\/v2\/users\/7"}],"replies":[{"embeddable":true,"href":"https:\/\/tvsensor.com\/api\/wp\/v2\/comments?post=15047"}],"version-history":[{"count":2,"href":"https:\/\/tvsensor.com\/api\/wp\/v2\/posts\/15047\/revisions"}],"predecessor-version":[{"id":15052,"href":"https:\/\/tvsensor.com\/api\/wp\/v2\/posts\/15047\/revisions\/15052"}],"wp:featuredmedia":[{"embeddable":true,"href":"https:\/\/tvsensor.com\/api\/wp\/v2\/media\/15050"}],"wp:attachment":[{"href":"https:\/\/tvsensor.com\/api\/wp\/v2\/media?parent=15047"}],"wp:term":[{"taxonomy":"category","embeddable":true,"href":"https:\/\/tvsensor.com\/api\/wp\/v2\/categories?post=15047"},{"taxonomy":"post_tag","embeddable":true,"href":"https:\/\/tvsensor.com\/api\/wp\/v2\/tags?post=15047"}],"curies":[{"name":"wp","href":"https:\/\/api.w.org\/{rel}","templated":true}]}}