{"id":14855,"date":"2019-11-06T16:00:18","date_gmt":"2019-11-06T16:00:18","guid":{"rendered":"https:\/\/senzor.ba\/?p=14855"},"modified":"2024-01-15T21:44:25","modified_gmt":"2024-01-15T20:44:25","slug":"nelogicnosti-u-bih-pola-miliona-ljudi-na-birou-a-poslodavcima-fali-200-hiljada-radnika","status":"publish","type":"post","link":"https:\/\/tvsensor.com\/clanak\/nelogicnosti-u-bih-pola-miliona-ljudi-na-birou-a-poslodavcima-fali-200-hiljada-radnika\/","title":{"rendered":"Nelogi\u010dnosti u BiH: Pola miliona ljudi na birou, a poslodavcima fali 200 hiljada radnika"},"content":{"rendered":"<p><strong>Safudin \u010cengi\u0107 iz Udru\u017eenja poslodavaca Kantona Sarajevo (KS) bio je gost \u201cJutra za sve\u201d na BHT1, a tema razgovora bila je uvoz i izvoz radne snage iz na\u0161e zemlje.<\/strong><\/p>\n<p><iframe loading=\"lazy\" title=\"Safudin \u010cengi\u0107 o uvozu i izvozu radne snage u BiH\" width=\"696\" height=\"392\" src=\"https:\/\/www.youtube.com\/embed\/aqaKKZ5xejg?feature=oembed\" frameborder=\"0\" allow=\"accelerometer; autoplay; clipboard-write; encrypted-media; gyroscope; picture-in-picture\" allowfullscreen><\/iframe><\/p>\n<p>Govore\u0107i o uvozu radne snage i referiraju\u0107i se na nedavni primjer radnika iz Banglade\u0161a na gra\u0111evini u Vi\u0161egradu, \u010cengi\u0107 ka\u017ee da je ogroman broj radnosposobnog stanovni\u0161tva iz BiH oti\u0161ao u inostranstvo i da je BiH ve\u0107 u fazi da joj fali radnika.<\/p>\n<blockquote class=\"wp-block-quote\"><p>\u201cOd 1. januara nove godine europsko tr\u017ei\u0161te \u0107e postati jo\u0161 zanimljivije na\u0161im ljudima\u201d, ka\u017ee \u010cengi\u0107.<\/p><\/blockquote>\n<p>On je govorio i o \u201cnelogi\u010dnostima u BiH\u201d, podsjetiv\u0161i kako skoro pola miliona ljudi u BiH tra\u017ei posao posredstvom zavoda za zapo\u0161ljavanje dok poslodavcima fali oko 200 hiljada radnika.<\/p>\n<blockquote class=\"wp-block-quote\"><p>\u201cNeki rade na crno, ili u BiH ili vani, imate i ljude koji imaju kvalifikaciju, ali nemaju znanje i vje\u0161tinu, a tre\u0107i su na zavodu, ali ne tra\u017ee posao\u201d, ka\u017ee \u010cengi\u0107.<\/p><\/blockquote>\n<p>\u010cengi\u0107 dodaje kako ljudi ne idu samo iz ekonomskih razloga nego i zbog nestabilne politi\u010dke situacije.<\/p>\n<p>\u201cNu\u017eno je utvrditi strategiju na dr\u017eavnoj razini kako bi se nezaposlenost smanjila, mi poslodavci na to upozoravamo ve\u0107 tri godine, me\u0111utim, vlast ne funkcionira\u201d, kazao je gost Jutra za sve.<\/p>\n","protected":false},"excerpt":{"rendered":"<p>Safudin \u010cengi\u0107 iz Udru\u017eenja poslodavaca Kantona Sarajevo (KS) bio je gost \u201cJutra za sve\u201d na BHT1, a tema razgovora bila je uvoz i izvoz radne snage iz na\u0161e zemlje. Govore\u0107i o uvozu radne snage i referiraju\u0107i se na nedavni primjer radnika iz Banglade\u0161a na gra\u0111evini u Vi\u0161egradu, \u010cengi\u0107 ka\u017ee da je ogroman broj radnosposobnog stanovni\u0161tva [&hellip;]<\/p>\n","protected":false},"author":59,"featured_media":14856,"comment_status":"open","ping_status":"closed","sticky":false,"template":"","format":"standard","meta":{"inline_featured_image":false,"footnotes":""},"categories":[43,42],"tags":[],"class_list":{"0":"post-14855","1":"post","2":"type-post","3":"status-publish","4":"format-standard","5":"has-post-thumbnail","7":"category-bih","8":"category-ekonomija"},"acf":[],"_links":{"self":[{"href":"https:\/\/tvsensor.com\/api\/wp\/v2\/posts\/14855","targetHints":{"allow":["GET"]}}],"collection":[{"href":"https:\/\/tvsensor.com\/api\/wp\/v2\/posts"}],"about":[{"href":"https:\/\/tvsensor.com\/api\/wp\/v2\/types\/post"}],"author":[{"embeddable":true,"href":"https:\/\/tvsensor.com\/api\/wp\/v2\/users\/59"}],"replies":[{"embeddable":true,"href":"https:\/\/tvsensor.com\/api\/wp\/v2\/comments?post=14855"}],"version-history":[{"count":1,"href":"https:\/\/tvsensor.com\/api\/wp\/v2\/posts\/14855\/revisions"}],"predecessor-version":[{"id":14857,"href":"https:\/\/tvsensor.com\/api\/wp\/v2\/posts\/14855\/revisions\/14857"}],"wp:featuredmedia":[{"embeddable":true,"href":"https:\/\/tvsensor.com\/api\/wp\/v2\/media\/14856"}],"wp:attachment":[{"href":"https:\/\/tvsensor.com\/api\/wp\/v2\/media?parent=14855"}],"wp:term":[{"taxonomy":"category","embeddable":true,"href":"https:\/\/tvsensor.com\/api\/wp\/v2\/categories?post=14855"},{"taxonomy":"post_tag","embeddable":true,"href":"https:\/\/tvsensor.com\/api\/wp\/v2\/tags?post=14855"}],"curies":[{"name":"wp","href":"https:\/\/api.w.org\/{rel}","templated":true}]}}