{"id":14852,"date":"2019-11-06T15:54:41","date_gmt":"2019-11-06T15:54:41","guid":{"rendered":"https:\/\/senzor.ba\/?p=14852"},"modified":"2024-01-15T21:44:25","modified_gmt":"2024-01-15T20:44:25","slug":"opomena-dodiku-iz-un-a-ulazak-u-nato-je-zelja-naroda","status":"publish","type":"post","link":"https:\/\/tvsensor.com\/clanak\/opomena-dodiku-iz-un-a-ulazak-u-nato-je-zelja-naroda\/","title":{"rendered":"Opomena Dodiku iz UN-a: Ulazak u NATO je \u017eelja naroda"},"content":{"rendered":"<ul>\n<li>Vjerujemo da Ured visokog predstavnika i dalje igra bitnu ulogu u Bosni i Hercegovini i ima punu podr\u0161ku Ujedinjenog Kraljevstva, uklju\u010duju\u0107i kori\u0161tenje bonskih ovlasti ako i kada situacija zahtjeva. A razlog za to, mislim, o\u010digledan je. Ima nekih ljudi, uklju\u010duju\u0107i neke \u010delnike u Bosni i Hercegovini, koji \u017eele u\u010diniti sve \u0161to mogu kako bi zaustavili BiH da bude napredna i normalna dr\u017eava \u2013 \u00a0kazala je Pierce.<\/li>\n<\/ul>\n<p>Kako ka\u017ee, Dejton zahtijeva da Bosna bude nezavisna dr\u017eava koja ima dva entiteta, Federaciju i Republiku Srpsku.<\/p>\n<ul>\n<li>Ali, to ne postavlja entitete iznad dr\u017eave i zato, sve dok postoje \u010delnici u Bosni koji odbijaju priznati ili koji rade protiv tog vrlo va\u017enog aspekta dr\u017eavnosti Bosne i Hercegovine koji je utvr\u0111en u Daytonu, kodificiranog od ovog Vije\u0107a i implementiranog tokom niza godina preko Upravnog odbora Vije\u0107a za provedbu mira, sve dok se nastavi taj antagonisti\u010dki pristup prema Bosni kao dr\u017eavi, OHR i bonske ovlasti i dalje \u0107e biti neophodne. Stoga, \u017eelim naglasiti vrlo \u010dvrstu podr\u0161ku Ujedinjenog Kraljevstva vama, visoki predstavni\u010de, i va\u0161em timu \u2013 kazala je Pierce.<\/li>\n<\/ul>\n<p>Podr\u017eala je usvajanje rezolucije kojom je Evropska unija ovla\u0161tena da i narednih 12 mjeseci nastavi operaciju Althea.<\/p>\n<ul>\n<li>Kako sam ja shvatila u Bosni i Hercegovini postoje odre\u0111eni zakoni koji kodificiraju euroatlantske integracije, kako u pogledu EU tako i u pogledu NATO-a. Sigurno da postoje takve rezolucije i ovog vije\u0107a, ali i brojne odluke Vije\u0107a za provedbu mira i Upravnog odbora. A ta \u017eelja bosanskog naroda nikada nije poni\u0161tena zakonom. Iako se lideri mogu protiviti tome jer su se predomislili ili to ne odgovara njihovoj politi\u010dkoj retorici, zakoni i odluke koje je donijela BiH, a koje podr\u017eava i me\u0111unarodna zajednica, govore u prilog tome da BiH \u017eeli i\u0107i tim euroatlantskim putem. A ovo su bitke koje treba voditi demokratskim, a ne nedemokratskim putem kroz polemiku i demagogiju \u2013 kazala je ambasadorica Pierce.<\/li>\n<\/ul>\n<p>Podsjetila je da su njihovi prethodnici dan za danom donosili mnoge rezolucije kako bi poku\u0161ali zaustaviti sukobe i vratiti stabilnost i mir u BiH.<\/p>\n<p>\u2018Rat je trajao \u010detiri u\u017easne godine i zauvijek je izmijenio na\u010din na koji \u0107e UN \u010duvati mir. Godine 1995. kako smo to i danas mogli \u010duti, masakr u Srebrenici odnio je devet hiljada \u017eivota muslimanskih mu\u0161karaca i djece, to je bio najgori masakr u Evropi nakon 1945. To nisu bezna\u010dajni doga\u0111aji ni za Evropu, ni za Bosnu, a ni za Balkan\u2019, zaklju\u010dila je Pierce.<\/p>\n","protected":false},"excerpt":{"rendered":"<p>Vjerujemo da Ured visokog predstavnika i dalje igra bitnu ulogu u Bosni i Hercegovini i ima punu podr\u0161ku Ujedinjenog Kraljevstva, uklju\u010duju\u0107i kori\u0161tenje bonskih ovlasti ako i kada situacija zahtjeva. A razlog za to, mislim, o\u010digledan je. Ima nekih ljudi, uklju\u010duju\u0107i neke \u010delnike u Bosni i Hercegovini, koji \u017eele u\u010diniti sve \u0161to mogu kako bi zaustavili [&hellip;]<\/p>\n","protected":false},"author":59,"featured_media":14853,"comment_status":"open","ping_status":"closed","sticky":false,"template":"","format":"standard","meta":{"inline_featured_image":false,"footnotes":""},"categories":[284],"tags":[],"class_list":{"0":"post-14852","1":"post","2":"type-post","3":"status-publish","4":"format-standard","5":"has-post-thumbnail","7":"category-izdvojeno"},"acf":[],"_links":{"self":[{"href":"https:\/\/tvsensor.com\/api\/wp\/v2\/posts\/14852","targetHints":{"allow":["GET"]}}],"collection":[{"href":"https:\/\/tvsensor.com\/api\/wp\/v2\/posts"}],"about":[{"href":"https:\/\/tvsensor.com\/api\/wp\/v2\/types\/post"}],"author":[{"embeddable":true,"href":"https:\/\/tvsensor.com\/api\/wp\/v2\/users\/59"}],"replies":[{"embeddable":true,"href":"https:\/\/tvsensor.com\/api\/wp\/v2\/comments?post=14852"}],"version-history":[{"count":1,"href":"https:\/\/tvsensor.com\/api\/wp\/v2\/posts\/14852\/revisions"}],"predecessor-version":[{"id":14854,"href":"https:\/\/tvsensor.com\/api\/wp\/v2\/posts\/14852\/revisions\/14854"}],"wp:featuredmedia":[{"embeddable":true,"href":"https:\/\/tvsensor.com\/api\/wp\/v2\/media\/14853"}],"wp:attachment":[{"href":"https:\/\/tvsensor.com\/api\/wp\/v2\/media?parent=14852"}],"wp:term":[{"taxonomy":"category","embeddable":true,"href":"https:\/\/tvsensor.com\/api\/wp\/v2\/categories?post=14852"},{"taxonomy":"post_tag","embeddable":true,"href":"https:\/\/tvsensor.com\/api\/wp\/v2\/tags?post=14852"}],"curies":[{"name":"wp","href":"https:\/\/api.w.org\/{rel}","templated":true}]}}