{"id":14845,"date":"2019-11-06T15:45:50","date_gmt":"2019-11-06T15:45:50","guid":{"rendered":"https:\/\/senzor.ba\/?p=14845"},"modified":"2024-01-15T21:44:25","modified_gmt":"2024-01-15T20:44:25","slug":"dzaferovic-srbija-zvanicno-i-sistemski-vrijeda-zrtve-tuzlanske-kapije","status":"publish","type":"post","link":"https:\/\/tvsensor.com\/clanak\/dzaferovic-srbija-zvanicno-i-sistemski-vrijeda-zrtve-tuzlanske-kapije\/","title":{"rendered":"D\u017eaferovi\u0107: Srbija zvani\u010dno i sistemski vrije\u0111a \u017ertve Tuzlanske kapije"},"content":{"rendered":"<div class=\"uvod uvod-clanka hidden-xs\">Promocija knjige Ilije Brankovi\u0107a \u00abTuzlanska kapija \u2013 re\u017eirana tragedija\u00bb, u organizaciji Ministarstva odbrane Republike Srbije, nova je uvreda porodicama ubijenih djevojaka i mladi\u0107a na Tuzlanskoj kapiji, kao i svim gra\u0111anima Bosne i Hercegovine, izjavio je \u010dlan Predsjedni\u0161tva BiH \u0160efik D\u017eaferovi\u0107.<\/div>\n<div><\/div>\n<div class=\"tekst clanak_vijesti\">Srbija i njene institucije ujedno \u0161alju jasnu poruku da zvani\u010dno stoje iza sistematskog negiranja po\u010dinjenih zlo\u010dina i za\u0161tite presu\u0111enih ratnih zlo\u010dinaca, naglasio je D\u017eaferovi\u0107.<\/p>\n<p>&#8220;Podsje\u0107am da Srbija ve\u0107 godinama pru\u017ea uto\u010di\u0161te generalu VRS Novaku \u0110uki\u0107u, koji je pred Sudom Bosne i Hercegovine osu\u0111en za zlo\u010dine na Tuzlanskoj kapiji.<br \/>\nZa\u0161tita presu\u0111enog ratnog zlo\u010dinca, negiranje njegovog nedjela i vrije\u0111anje porodica nedu\u017enih mladih ljude koje je pobio, prije svega je anticivilizacijski \u010din, ali i \u010din kojim Srbija dodatno potkopava svoje odnose sa BiH&#8221;, naveo je on.<\/p>\n<p>Vrhunac cinizma je, ka\u017ee, da se promocija odr\u017eava u trenutku posjete glavnog ha\u0161kog tu\u017eioca Sergea Brammertza, koji je upravo na sastanku sa predsjednikom Srbije Aleksandrom Vu\u010di\u0107em iskazao nezadovoljstvo regionalnom saradnjom.<\/p>\n<p>&#8220;Kao \u010dlan Predsjedni\u0161tva, insistirat \u0107u da se u okviru Revidirane strategije za procesuiranje ratnih zlo\u010dina u BiH precizira politika Bosne i Hercegovine po pitanju regionalne saradnje i pronalaska na\u010dina da se zlo\u010dinci pobjegli u susjedne zemlje privedu pred lice pravde&#8221;, poru\u010dio je D\u017eaferovi\u0107.<\/p><\/div>\n","protected":false},"excerpt":{"rendered":"<p>Promocija knjige Ilije Brankovi\u0107a \u00abTuzlanska kapija \u2013 re\u017eirana tragedija\u00bb, u organizaciji Ministarstva odbrane Republike Srbije, nova je uvreda porodicama ubijenih djevojaka i mladi\u0107a na Tuzlanskoj kapiji, kao i svim gra\u0111anima Bosne i Hercegovine, izjavio je \u010dlan Predsjedni\u0161tva BiH \u0160efik D\u017eaferovi\u0107. Srbija i njene institucije ujedno \u0161alju jasnu poruku da zvani\u010dno stoje iza sistematskog negiranja po\u010dinjenih [&hellip;]<\/p>\n","protected":false},"author":59,"featured_media":14846,"comment_status":"open","ping_status":"closed","sticky":false,"template":"","format":"standard","meta":{"inline_featured_image":false,"footnotes":""},"categories":[38],"tags":[],"class_list":{"0":"post-14845","1":"post","2":"type-post","3":"status-publish","4":"format-standard","5":"has-post-thumbnail","7":"category-vijesti-iz-bih"},"acf":[],"_links":{"self":[{"href":"https:\/\/tvsensor.com\/api\/wp\/v2\/posts\/14845","targetHints":{"allow":["GET"]}}],"collection":[{"href":"https:\/\/tvsensor.com\/api\/wp\/v2\/posts"}],"about":[{"href":"https:\/\/tvsensor.com\/api\/wp\/v2\/types\/post"}],"author":[{"embeddable":true,"href":"https:\/\/tvsensor.com\/api\/wp\/v2\/users\/59"}],"replies":[{"embeddable":true,"href":"https:\/\/tvsensor.com\/api\/wp\/v2\/comments?post=14845"}],"version-history":[{"count":2,"href":"https:\/\/tvsensor.com\/api\/wp\/v2\/posts\/14845\/revisions"}],"predecessor-version":[{"id":14849,"href":"https:\/\/tvsensor.com\/api\/wp\/v2\/posts\/14845\/revisions\/14849"}],"wp:featuredmedia":[{"embeddable":true,"href":"https:\/\/tvsensor.com\/api\/wp\/v2\/media\/14846"}],"wp:attachment":[{"href":"https:\/\/tvsensor.com\/api\/wp\/v2\/media?parent=14845"}],"wp:term":[{"taxonomy":"category","embeddable":true,"href":"https:\/\/tvsensor.com\/api\/wp\/v2\/categories?post=14845"},{"taxonomy":"post_tag","embeddable":true,"href":"https:\/\/tvsensor.com\/api\/wp\/v2\/tags?post=14845"}],"curies":[{"name":"wp","href":"https:\/\/api.w.org\/{rel}","templated":true}]}}