{"id":14840,"date":"2019-11-06T15:43:04","date_gmt":"2019-11-06T15:43:04","guid":{"rendered":"https:\/\/senzor.ba\/?p=14840"},"modified":"2024-01-15T21:44:25","modified_gmt":"2024-01-15T20:44:25","slug":"svedska-princeza-victorija-i-princ-daniel-prosetali-sarajevom","status":"publish","type":"post","link":"https:\/\/tvsensor.com\/clanak\/svedska-princeza-victorija-i-princ-daniel-prosetali-sarajevom\/","title":{"rendered":"\u0160vedska princeza Victorija i princ Daniel pro\u0161etali Sarajevom"},"content":{"rendered":"<p>\u0160vedska princeza Victorija i princ Daniel, u dru\u0161tvu gradona\u010delnika Abdulaha Skake, pro\u0161etali su starim dijelom Sarajeva, posjetiv\u0161i ovom prilikom Vije\u0107nicu i Ba\u0161\u010dar\u0161iju, javlja Anadolu Agency (AA).<\/p>\n<p>\u0160vedska princeza i princ su jutros doputovali u posjetu BiH, te se sastali sa \u010dlanovima Predsjedni\u0161tva Bosne i Hercegovine.<\/p>\n<p>Predsjedavaju\u0107i Predsjedni\u0161tva BiH \u017deljko Kom\u0161i\u0107 i \u010dlanovi Predsjedni\u0161tva BiH \u0160efik D\u017eaferovi\u0107 i Milorad Dodik su izrazili zadovoljstvo posjetom \u0161vedske kraljevske porodice i zamjenice premijera Isabelle Lovin i zahvalili za kontinuiranu podr\u0161ku i anga\u017eman \u0160vedske kroz brojne razvojne projekte.<\/p>\n<p>Svrha posjete je da se oja\u010daju ve\u0107 dobri odnosi dvije zemlje, naglase sna\u017ene veze i potencijal za nastavak saradnje u korist svih u BiH, re\u010deno je prilikom susreta. Sagovornici su se slo\u017eili da brojna dijaspora, koja je dobro integrisana u \u0161vedsko dru\u0161tvo, doprinosi ukupnom razvoju ekonomske i kulturne saradnje.<\/p>\n<p>\u010clanovi Predsjedni\u0161tva BiH su pozdravili anga\u017eman visoke \u0161vedske delegacije na temama od zajedni\u010dkog interesa za sve gra\u0111ane u BiH, a to su klimatske promjene, za\u0161tita \u017eivotne sredine, inovacije i preduzetni\u0161tvo, te u\u010de\u0161\u0107e mladih. \u0160vedska vlada je podr\u017eala izradu zajedni\u010dke strategije za za\u0161titu okoline, koja \u0107e se bazirati na smanjenju zaga\u0111enja vazduha i ubla\u017eavanju efekata klimatskih promjena. To je globalni problem, na kojem mo\u017eemo svi sara\u0111ivati, zaklju\u010deno je prilikom susreta.<\/p>\n<p>Nakon sastanka sa predsjedavaju\u0107im i \u010dlanovima Predsjedni\u0161tva Bosne i Hercegovine princeza Victorija i princ Daniel prisustvovali su u Parlamentarnoj skup\u0161tini BiH, zajedno s predsjedavaju\u0107im Vije\u0107a ministara BiH Denisom Zvizdi\u0107em, plenarnoj sjednici konferencije &#8220;Pametni rast za novu klimatsku stvarnost&#8221;.<\/p>\n<p>Tokom posjete uprili\u010dena je posjeta \u0161vedskoj IT kompaniji System Verification, kao i susret s djecom iz Banje Luke i Sarajeva koja u\u010destvuju u radionici o pravljenju robota u prostorijama System Verifikation.<\/p>\n","protected":false},"excerpt":{"rendered":"<p>\u0160vedska princeza Victorija i princ Daniel, u dru\u0161tvu gradona\u010delnika Abdulaha Skake, pro\u0161etali su starim dijelom Sarajeva, posjetiv\u0161i ovom prilikom Vije\u0107nicu i Ba\u0161\u010dar\u0161iju, javlja Anadolu Agency (AA). \u0160vedska princeza i princ su jutros doputovali u posjetu BiH, te se sastali sa \u010dlanovima Predsjedni\u0161tva Bosne i Hercegovine. Predsjedavaju\u0107i Predsjedni\u0161tva BiH \u017deljko Kom\u0161i\u0107 i \u010dlanovi Predsjedni\u0161tva BiH \u0160efik [&hellip;]<\/p>\n","protected":false},"author":59,"featured_media":14843,"comment_status":"open","ping_status":"closed","sticky":false,"template":"","format":"standard","meta":{"inline_featured_image":false,"footnotes":""},"categories":[38],"tags":[],"class_list":{"0":"post-14840","1":"post","2":"type-post","3":"status-publish","4":"format-standard","5":"has-post-thumbnail","7":"category-vijesti-iz-bih"},"acf":[],"_links":{"self":[{"href":"https:\/\/tvsensor.com\/api\/wp\/v2\/posts\/14840","targetHints":{"allow":["GET"]}}],"collection":[{"href":"https:\/\/tvsensor.com\/api\/wp\/v2\/posts"}],"about":[{"href":"https:\/\/tvsensor.com\/api\/wp\/v2\/types\/post"}],"author":[{"embeddable":true,"href":"https:\/\/tvsensor.com\/api\/wp\/v2\/users\/59"}],"replies":[{"embeddable":true,"href":"https:\/\/tvsensor.com\/api\/wp\/v2\/comments?post=14840"}],"version-history":[{"count":1,"href":"https:\/\/tvsensor.com\/api\/wp\/v2\/posts\/14840\/revisions"}],"predecessor-version":[{"id":14844,"href":"https:\/\/tvsensor.com\/api\/wp\/v2\/posts\/14840\/revisions\/14844"}],"wp:featuredmedia":[{"embeddable":true,"href":"https:\/\/tvsensor.com\/api\/wp\/v2\/media\/14843"}],"wp:attachment":[{"href":"https:\/\/tvsensor.com\/api\/wp\/v2\/media?parent=14840"}],"wp:term":[{"taxonomy":"category","embeddable":true,"href":"https:\/\/tvsensor.com\/api\/wp\/v2\/categories?post=14840"},{"taxonomy":"post_tag","embeddable":true,"href":"https:\/\/tvsensor.com\/api\/wp\/v2\/tags?post=14840"}],"curies":[{"name":"wp","href":"https:\/\/api.w.org\/{rel}","templated":true}]}}