{"id":14826,"date":"2019-11-05T13:10:04","date_gmt":"2019-11-05T13:10:04","guid":{"rendered":"https:\/\/senzor.ba\/?p=14826"},"modified":"2024-01-15T21:44:26","modified_gmt":"2024-01-15T20:44:26","slug":"sarajevo-protesti-porodica-zrtava-genocida-zbog-nobelove-nagrade-peteru-handkeu","status":"publish","type":"post","link":"https:\/\/tvsensor.com\/clanak\/sarajevo-protesti-porodica-zrtava-genocida-zbog-nobelove-nagrade-peteru-handkeu\/","title":{"rendered":"Sarajevo: Protesti porodica \u017ertava genocida zbog Nobelove nagrade Peteru Handkeu"},"content":{"rendered":"<p>Povodom dodjele Nobelove nagrade za knji\u017eevnost za 2019. godinu austrijskom knji\u017eevniku Peteru Handkeu, ispred Ambasade \u0160vedske u Sarajevu, odr\u017eano je mirno okupljanje u organizaciji Udru\u017eenja \u017ertava i svjedoka genocida, javlja Anadolu Agency (AA).<\/p>\n<p>Ovogodi\u0161nji dobitnik Nobelove nagrade za knji\u017eevnost, austrijski knji\u017eevnik Peter Handke, osim po svojim knji\u017eevnim dostignu\u0107ima, u javnosti je poznat i po kontroverznim stavovima o de\u0161avanjima na ovim prostorima, odnosno po tome \u0161to je negirao genocid u Srebrenici i pozvao na odbranu Slobodana Milo\u0161evi\u0107a, biv\u0161eg predsjednika Srbije i Savezne Republike Jugoslavije te ha\u0161kog optu\u017eenika za ratne zlo\u010dine.<\/p>\n<p>Majke Srebrenice danas su ispred Ambasade nosile i transparente na kojima je pisalo &#8220;Nagrada Peteru Handkeu je nagrada Slobodanu Milo\u0161evi\u0107u&#8221;, &#8220;Negiranje genocida je posljednja faza genocida&#8221;&#8230;<\/p>\n<p>Predsjednik Udru\u017eenja \u017ertava i svjedoka genocida Murat Tahirovi\u0107 pojasnio je da je povod dana\u0161njeg okupljanja dodjela Nobelove nagrade Peteru Handkeu.<\/p>\n<p>&#8220;Smatramo da je Peter Handke podr\u017eavao zlo\u010dince u BiH, prije svega Milo\u0161evi\u0107a, ali i Karad\u017ei\u0107a i ostale i da takva osoba ne zaslu\u017euje bilo kakvu nagradu, a kamoli Nobelovu. Okupili smo se u utorak, jer \u0107e u utorak, 10. decembra, biti dodijeljena nagrada i smatramo da moramo svakog utorka upozoravati Komitet odnosno vlasti u \u0160vedskoj i dati im do znanja da Handke nije osoba koja zaslu\u017euje nagradu ve\u0107 osoba koja treba biti distancirana od svih nagrada koje se dodjeljuju u svijetu&#8221;, poru\u010dio je Tahirovi\u0107.<\/p>\n<p>O\u010dekuju da bi Akademija trebala priznati svoju gre\u0161ku.<\/p>\n<p>Danas je Munira Suba\u0161i\u0107, predsjednica udru\u017eenja Pokret &#8220;Majke enklava Srebrenica i \u017depa&#8221;, predala u Ambasadu pismo \u0161vedskom kralju i kraljici u kojem su ih podsjetili na strahote i genocid po\u010dinjen u julu 1995. godine na podru\u010dju Srebrenice.<\/p>\n<p>&#8220;Mislim da je ovo zlo\u010din nad zlo\u010dinom. Negiranje genocida i dodjeljivanje nagrade je posljednja faza genocida. Mi, majke imale smo osje\u0107aj da moramo di\u0107i svoj glas, da upoznamo kraljicu o tome. Zato smo napisale pismo kao majka majci pa neka ga pro\u010dita. U pismu smo je pozvali i da na 25. godi\u0161njicu genocida do\u0111e u Srebrenicu&#8221;, poru\u010dila je Suba\u0161i\u0107.<\/p>\n<p>Kada Hoti\u0107, iz Udru\u017eenja &#8220;Majke enklava Srebrenica i \u017depa&#8221;, smatra da svi trebaju da osude &#8220;ovaj zlo\u010dina\u010dki poduhvat&#8221;.<\/p>\n<p>&#8220;Svi su zaprepa\u0161teni. Da se \u010dovjeku koji je podr\u017eavao zlo\u010dince, koji je opravdavao zlo\u010dine, dodijeli Nobelova nagrada. Pa \u0161ta je to Nobelova nagrada? Zar je ona toliko otrcana i toliko nisko pala. Treba je onda ukinuti&#8221;, kazala je Hoti\u0107.<\/p>\n<p>Handke je u medije dospio po\u010detkom 1996. godine nakon objavljivanja kontroverznog djela &#8220;Jedno zimsko putovanje ka rijekama Dunavu, Savi, Moravi i Drini ili pravda za Srbiju&#8221;. Kako su mediji prenijeli, Handke tvrdi da u tom djelu koristi sofisticiraniji izbor rije\u010di za prikaz doga\u0111anja nego \u0161to se po njemu doga\u0111alo op\u0107enito u medijima.<\/p>\n<p>Britanski &#8220;The Guardian&#8221; je u aprilu 1999. godine objavio \u010dlanak &#8220;Stand up if you support the Serbs&#8221; (&#8220;Ustanite ako podr\u017eavate Srbe&#8221;), u kojem pi\u0161e o Handkeovim stavovima o de\u0161avanjima u biv\u0161oj Jugoslaviji i ratu u Bosni i Hercegovini.<\/p>\n<p>On je u martu 2004. godine zajedno s kanadskim piscem Robertom Dicksonom potpisao apel koji poziva na odbranu Slobodana Milo\u0161evi\u0107a, a iste godine je biv\u0161eg srbijanskog predsjednika posjetio u zatvoru u Haagu.<\/p>\n<p>Austrijski knji\u017eevnik progla\u0161en je dobitnikom Nobelove nagrade za knji\u017eevnost za 2019. godinu zbog, kako je navedeno u obrazlo\u017eenju \u0160vedske akademije &#8220;jezi\u010dke inovativnosti kroz pisanu rije\u010d koja opisuje ljudsku marginalizaciju i unikatnost \u017eivljenja&#8221;.<\/p>\n","protected":false},"excerpt":{"rendered":"<p>Povodom dodjele Nobelove nagrade za knji\u017eevnost za 2019. godinu austrijskom knji\u017eevniku Peteru Handkeu, ispred Ambasade \u0160vedske u Sarajevu, odr\u017eano je mirno okupljanje u organizaciji Udru\u017eenja \u017ertava i svjedoka genocida, javlja Anadolu Agency (AA). Ovogodi\u0161nji dobitnik Nobelove nagrade za knji\u017eevnost, austrijski knji\u017eevnik Peter Handke, osim po svojim knji\u017eevnim dostignu\u0107ima, u javnosti je poznat i po kontroverznim [&hellip;]<\/p>\n","protected":false},"author":59,"featured_media":14829,"comment_status":"open","ping_status":"closed","sticky":false,"template":"","format":"standard","meta":{"inline_featured_image":false,"footnotes":""},"categories":[38],"tags":[],"class_list":{"0":"post-14826","1":"post","2":"type-post","3":"status-publish","4":"format-standard","5":"has-post-thumbnail","7":"category-vijesti-iz-bih"},"acf":[],"_links":{"self":[{"href":"https:\/\/tvsensor.com\/api\/wp\/v2\/posts\/14826","targetHints":{"allow":["GET"]}}],"collection":[{"href":"https:\/\/tvsensor.com\/api\/wp\/v2\/posts"}],"about":[{"href":"https:\/\/tvsensor.com\/api\/wp\/v2\/types\/post"}],"author":[{"embeddable":true,"href":"https:\/\/tvsensor.com\/api\/wp\/v2\/users\/59"}],"replies":[{"embeddable":true,"href":"https:\/\/tvsensor.com\/api\/wp\/v2\/comments?post=14826"}],"version-history":[{"count":1,"href":"https:\/\/tvsensor.com\/api\/wp\/v2\/posts\/14826\/revisions"}],"predecessor-version":[{"id":14830,"href":"https:\/\/tvsensor.com\/api\/wp\/v2\/posts\/14826\/revisions\/14830"}],"wp:featuredmedia":[{"embeddable":true,"href":"https:\/\/tvsensor.com\/api\/wp\/v2\/media\/14829"}],"wp:attachment":[{"href":"https:\/\/tvsensor.com\/api\/wp\/v2\/media?parent=14826"}],"wp:term":[{"taxonomy":"category","embeddable":true,"href":"https:\/\/tvsensor.com\/api\/wp\/v2\/categories?post=14826"},{"taxonomy":"post_tag","embeddable":true,"href":"https:\/\/tvsensor.com\/api\/wp\/v2\/tags?post=14826"}],"curies":[{"name":"wp","href":"https:\/\/api.w.org\/{rel}","templated":true}]}}