{"id":14810,"date":"2019-11-05T09:01:23","date_gmt":"2019-11-05T09:01:23","guid":{"rendered":"https:\/\/senzor.ba\/?p=14810"},"modified":"2024-01-15T21:44:27","modified_gmt":"2024-01-15T20:44:27","slug":"predsjednik-ep-ocekujemo-promjenu-odluke-o-sjevernoj-makedoniji","status":"publish","type":"post","link":"https:\/\/tvsensor.com\/clanak\/predsjednik-ep-ocekujemo-promjenu-odluke-o-sjevernoj-makedoniji\/","title":{"rendered":"Predsjednik EP: O\u010dekujemo promjenu odluke o Sjevernoj Makedoniji"},"content":{"rendered":"<p>Novoimenovani predsjednik Evropskog parlamenta (EP) David Sassoli boravi u zvani\u010dnoj posjeti Sjevernoj Makedoniji, \u0161to je prva njegova posjeta izvan Evropske unije (EU) od preuzimanja du\u017enosti, javlja Anadolu Agency (AA).<\/p>\n<p>Sassoli se u ponedjeljak sastao s premijerom Sjeverne Makedonije Zoranom Zaevom, a dvojica zvani\u010dnika razgovarala su o evropskoj perspektivi te zemlje nakon \u0161to joj je Evropsko vije\u0107e odbilo dati zeleno za po\u010detak pristupnih pregovora s EU-om.<\/p>\n<p>Sassoli je istakao da su sve evropske institucije uvjerenja da Sjeverna Makedonija treba zapo\u010deti pregovore o pristupanju.<\/p>\n<p>&#8220;Kao \u0161to znamo, vjerovali smo u po\u010detak pregovora o pristupanju. Ali sada o\u010dekujemo da \u0107e se za nekoliko mjeseci odluka promijeniti. To bi mo\u017eda omogu\u0107ilo institucijama Sjeverne Makedonije da zapo\u010dnu nove reforme i ne stanu. Imamo zajedni\u010dku budu\u0107nost&#8221;, poru\u010dio je Sassoli.<\/p>\n<p>Premijer Sjeverne Makedonije Zoran Zaev zahvalio se Sassoliju i Evropskom parlamentu koji je glasao za rezoluciju kojom se tra\u017ei otpo\u010dinjanje pregovora s tom zemljom i Albanijom.<\/p>\n<p>Istakao je da je odluka EU da ne zapo\u010dne pregovore na dnevni red stavila pitanje euroskepticma.<\/p>\n<p>&#8220;Nije lako nastaviti bez strukturisanih i sistemskih pritisaka koje bi sa sobom donijeli pregovori o pridru\u017eivanju. Ali mi tvrdimo &#8216;nema alternative&#8217;. Naravno da nastavljamo s reformama i argumentima da u zemlji prevladava pravda&#8221;, rekao je Zaev.<\/p>\n<p>Predsjednik EP \u0107e se u okviru posjete Skoplju sastati i s predsjednikom Sjeverne Makedonije Stevom Pendarovskim, predsjednikom Sobranja Talatom Xhaferijem i liderima politi\u010dkih stranaka. Predvi\u0111eno je i da se obrati zastupnicima u Sobranju.<\/p>\n","protected":false},"excerpt":{"rendered":"<p>Novoimenovani predsjednik Evropskog parlamenta (EP) David Sassoli boravi u zvani\u010dnoj posjeti Sjevernoj Makedoniji, \u0161to je prva njegova posjeta izvan Evropske unije (EU) od preuzimanja du\u017enosti, javlja Anadolu Agency (AA). Sassoli se u ponedjeljak sastao s premijerom Sjeverne Makedonije Zoranom Zaevom, a dvojica zvani\u010dnika razgovarala su o evropskoj perspektivi te zemlje nakon \u0161to joj je Evropsko [&hellip;]<\/p>\n","protected":false},"author":59,"featured_media":14811,"comment_status":"open","ping_status":"closed","sticky":false,"template":"","format":"standard","meta":{"inline_featured_image":false,"footnotes":""},"categories":[40],"tags":[],"class_list":{"0":"post-14810","1":"post","2":"type-post","3":"status-publish","4":"format-standard","5":"has-post-thumbnail","7":"category-region"},"acf":[],"_links":{"self":[{"href":"https:\/\/tvsensor.com\/api\/wp\/v2\/posts\/14810","targetHints":{"allow":["GET"]}}],"collection":[{"href":"https:\/\/tvsensor.com\/api\/wp\/v2\/posts"}],"about":[{"href":"https:\/\/tvsensor.com\/api\/wp\/v2\/types\/post"}],"author":[{"embeddable":true,"href":"https:\/\/tvsensor.com\/api\/wp\/v2\/users\/59"}],"replies":[{"embeddable":true,"href":"https:\/\/tvsensor.com\/api\/wp\/v2\/comments?post=14810"}],"version-history":[{"count":1,"href":"https:\/\/tvsensor.com\/api\/wp\/v2\/posts\/14810\/revisions"}],"predecessor-version":[{"id":14812,"href":"https:\/\/tvsensor.com\/api\/wp\/v2\/posts\/14810\/revisions\/14812"}],"wp:featuredmedia":[{"embeddable":true,"href":"https:\/\/tvsensor.com\/api\/wp\/v2\/media\/14811"}],"wp:attachment":[{"href":"https:\/\/tvsensor.com\/api\/wp\/v2\/media?parent=14810"}],"wp:term":[{"taxonomy":"category","embeddable":true,"href":"https:\/\/tvsensor.com\/api\/wp\/v2\/categories?post=14810"},{"taxonomy":"post_tag","embeddable":true,"href":"https:\/\/tvsensor.com\/api\/wp\/v2\/tags?post=14810"}],"curies":[{"name":"wp","href":"https:\/\/api.w.org\/{rel}","templated":true}]}}