{"id":14807,"date":"2019-11-05T08:53:34","date_gmt":"2019-11-05T08:53:34","guid":{"rendered":"https:\/\/senzor.ba\/?p=14807"},"modified":"2024-01-15T21:44:27","modified_gmt":"2024-01-15T20:44:27","slug":"vucic-je-nasao-saveznika-zasto-su-u-hrvatskoj-odusevljeni-idejom-da-bh-hrvate-utope-u-novu-jugoslaviju","status":"publish","type":"post","link":"https:\/\/tvsensor.com\/clanak\/vucic-je-nasao-saveznika-zasto-su-u-hrvatskoj-odusevljeni-idejom-da-bh-hrvate-utope-u-novu-jugoslaviju\/","title":{"rendered":"VU\u010cI\u0106 JE NA\u0160AO SAVEZNIKA: Za\u0161to su u Hrvatskoj odu\u0161evljeni idejom da bh. Hrvate utope u &#8220;novu Jugoslaviju&#8221;?"},"content":{"rendered":"<p>\u017deljko Trkanjec, analiti\u010dar hrvatskog Jutarnjeg lista, blisko povezanog s vladaju\u0107om strankom u ovoj zemlji, napisao je krajnje afirmativan komentar o Macronovom odbijanju da da zeleno svjetlo Sjevernoj Makedoniji i Albaniji za po\u010detak pregovora o EU i umjesto toga zastupanju ideje \u201eMalog Schengena\u201c kao alternativne unije \u0161est balkanskih zemalja, \u0161to je koncept koji od po\u010detka podr\u017eava srbijanski predsjednik Aleksandar Vu\u010di\u0107.<\/p>\n<p>Trkanjec isti\u010de da pored nagomilanih problema s kojima se EU sad suo\u010dava ovoj zajednici nisu potrebni dodatni koje bi unijele zemlje Zapadnog Balkana te je odluka Macrona stoga mudra i zrela:<\/p>\n<p>&#8220;<em>Mini-Schengen&#8221; na Zapadnom Balkanu je pokazatelj smjera u kojem \u0107e i\u0107i daljenji razvoj EU: Unija vi\u0161e brzina je vi\u0161e nego sigurna. Ve\u0107 sada se eurozona postavlja kao jedna brzina, reformirani Schengen \u0107e biti druga, iliberalne demokracije \u0107e stvarati neki poseban krug, a\u00a0<strong>Bugarska i Rumunjska<\/strong><\/em>\u00a0su vi\u0161e nego prirodni partneri Zapadnog Balkana\u201d, navodi Trkanjec u svojoj analizi.<\/p>\n<p>Autor odbacuje \u010dak i bojazan koju su iskazivali mnogobrojni analiti\u010dari da \u0107e ovo drsko odbijanje Zapadnog Balkana \u0161irom otvoriti prostor za ve\u0107i ruski utjecaj, tvrde\u0107i da je to ionako ve\u0107 odavno realnost na terenu:<\/p>\n<p>\u201c<em>Strah da \u0107e sada ovim prostorom zavladati\u00a0<strong>Rusija, Kina i Turska<\/strong>\u00a0je dijelom \u010dak i neozbiljan. Naime, Moskva je ionako ukotvljena u Srbiji i Republici Srpskoj,\u00a0<strong>Bakir Izetbegovi\u0107<\/strong>\u00a0ne poduzima gotovo ni\u0161ta bez konzultacija s Ankarom, a\u00a0<strong>Crna Gora<\/strong>\u00a0je ve\u0107 u du\u017eni\u010dkom ropstvu prema Pekingu zbog autoceste Bar \u2013 Boljare<\/em>\u201d.<\/p>\n<p>Trkanjec odbacuje i tvrdnje da bi \u201eMali Schengen\u201c predstavljao posebnu opasnost po BiH zbog \u010dinjenice da bi Srbiji i Aleksandru Vu\u010di\u0107u otvorio prostor da vr\u0161i jo\u0161 ve\u0107i utjecaj na Republiku Srpsku i integri\u0161e je u svoj dru\u0161tveno-ekonomski prostor, ne ba\u0161 najjasnijim kontraargumentom da je Dodiku: \u201e<em>bitno va\u017eniji most kod Gradi\u0161ke koji se gradi s Hrvatskom<\/em>\u201d.<\/p>\n<p>Trkanjec \u010dak misli da ovaj sporazum i samim Hrvatima u BiH donosi sve same benefite pa tako tvrdi:<\/p>\n<p>\u201c<em>Ovo je idealna prilika da oni, unutar \u0161ire ekonomske zajednice, a uz podr\u0161ku Zagreba, u\u010dvrste svoj polo\u017eaj. Ako se provedu presude me\u0111unarodnih sudova o Mostaru, u slu\u010daju Sejdi\u0107-Finci te Ustavnog suda BiH o izborima, tada bi mogli ostvariti i potrebnu politi\u010dku sigurnost. Hrvatska bi pak &#8220;mini-Schengenu&#8221; trebala pristupati kao i svaka druga \u010dlanica EU, bez paternalisti\u010dkih pretenzija, ne prekidaju\u0107i nastojanja da rije\u0161i bilateralne probleme s BiH, Srbijom i Crnom Gorom<\/em>\u201d.<\/p>\n<p>Na kraju, ushi\u0107eno poput tinejd\u017eerke kada govori o svom najdra\u017eem glumcu, Trkanjec zaklju\u010duje:<\/p>\n<p>\u201c<em>Ukratko, stvoriti\u00a0<strong>\u201czapadnobalkansku ekonomsku zajednicu\u201d<\/strong>\u00a0kao \u0161to je \u0161est zemalja dana\u0161nje EU po\u010delo sa Zajednicom za \u010delik i ugljen. Mo\u017eda postati nova\u00a0<strong>EFTA<\/strong>\u00a0(Europska zona slobodne trgovine \u010dije su \u010dlanice Island, Norve\u0161ka, \u0160vicarska i Lihten\u0161tajn) i tako postati \u010dlanicom\u00a0<strong>Europske ekonomske zone<\/strong>\u00a0(EEA &#8211; sve \u010dlanice EU i EFTA)\u201d.<\/em><\/p>\n<p>\u201cMini Schengen\u201d kao alternativa \u010dlanstvu u EU posljednjih dana goru\u0107a je tema u zemljama Zapadnog Balkana. \u00a0Mnogi pojedinci upozoravaju da odbijanje Zapadnog Balkana od strane EU za sobom povla\u010di opasnost od izvjesnog dodatnog \u0161irenja ruskog utjecaja, a \u201cMini Schengen\u201d otvaranje vrata Srbiji, u kojoj je ruski utjecaj upravo najja\u010di, da preko ekonomske unije uspostavi dominaciju nad ostalih pet zapadnobalkanskih zemalja. Svih ovih pet dr\u017eava (BiH, Crna Gora, Makedonija, Kosovo, Albanija) sa Srbijom imaju brojna nerije\u0161ena politi\u010dka pitanja, kao i historijsko iskustvo pretenzije na njihove teritorije. Posebno \u017eustre reakcije bile su s Kosova.\u00a0<strong>Albin Kurt<\/strong>i, lider Pokreta Samopredjeljenje, pobjedni\u010dke stranke na nedavnim izborima i vjerovatni novi premijer Kosova bio je vrlo decidan: &#8220;<em>Srbija je posve\u0107ena stvaranju nove platforme za Veliku Srbiju &#8211; Srbiji je potrebna ta platforma za \u0161irenje i ne smijemo dozvoliti \u010cetvrtu Jugoslaviju \u0161to je njen cilj<\/em>&#8220;. Istovremeno\u00a0<strong>Vjosa Osmani<\/strong>, \u010dlanica Demokratskog saveza Kosova koju se tako\u0111er pominje kao mogu\u0107u predsjednicu budu\u0107e Vlade Kosova, &#8220;Mali Schengen&#8221; je nazvala &#8220;totalnom gre\u0161kom&#8221; konstatiraju\u0107i da se &#8220;<em>Albanija i Srbija nigdje ne dodiruju (ne grani\u010de me\u0111usubno) osim preko Kosova<\/em>&#8220;.<\/p>\n<p>Iz Crne Gore se prema ovoj ideji za sada dr\u017ee rezervisano, kao i u Bosni i Hercegovini, gdje je podr\u0161ka za sada do\u0161la jedino od Mirka \u0160arovi\u0107a, \u00a0dr\u017eavnog ministra trgovine i ekonomskih odnosa.<\/p>\n<p>Ipak, zanimljivo da ova ideja o stvaranju \u201cnove Jugoslavije\u201d je u Hrvatskoj do\u010dekana bez gotovo ikakvih reakcija. Trkanjecova analiza prva je u ovoj zemlji koja govori o ideji stvaranja \u201cMalog Schengena\u201d.<\/p>\n<p>Kako objasniti da iz Hrvatske \u010dije zvani\u010dne vlasti godinama uporno ponavljaju kako je ova zemlja tobo\u017ee najve\u0107i zagovornik ulaska Bosne i Hercegovine u EU i koja se godinama protivila bilo kakvoj ideji o novim regionalnim unijama i umre\u017eavanjima sa Srbijom, ideja o stvaranju \u201cnove Jugoslavije\u201d nailazi na \u010disto ignorisanje ili pak u slu\u010daju Trkanjec dobija potpune hvalospjeve?<\/p>\n<p>Posebno, kako Hrvatska koja je navodno dubinski zabrinuta za polo\u017eaj Hrvata u BiH u povodu zastupljenosti njihovih \u201clegimitnih predstavnika\u201d u institucijama i politi\u010dkih prava, sada je spremna prepustiti Hrvate utapanju u zajednicu kojom dominira Srbije i gdje \u0107e oni biti duboka manjina?<\/p>\n<p>Logi\u010dan zaklju\u010dak je ono \u0161to je ve\u0107 godinama javna tajna i \u0161to nijedan hrvatski zvani\u010dnik ne\u0107e javno priznati \u2013 Bosna i Hercegovina Republiku Hrvatsku odavno ve\u0107 su\u0161tinski i ne zanima. Jo\u0161 je Daytonskim mirovnim sporazumom i definitivnim odustajanjem od hrvatskog entiteta unutar BiH zarad cjelovite i unitarne Hrvatske, Franjo Tu\u0111man bh. Hrvate osudio na polo\u017eaj manjine prepu\u0161tene same sebi. Bh. Hrvati Republici Hrvatskoj dobru do\u0111u prvenstveno kao zale\u0111e za crpljenje radne snage, posebno u jeku masovnih emigracija koje Hrvatska bilje\u017ei od ulaska u Evropsku uniju.<\/p>\n<p>S druge strane, nakon stolje\u0107a rivalstva sa Srbijom, ulazak u Evropsku uniju Hrvatsku je i formalno odvojio od balkanskog politi\u010dkog prostora i skinuo s nje pritisak koji je osje\u0107ala decenijama o strane Srbije. Odbijanje dr\u017eava Zapadnog Balkana od strane EU Hrvatskoj odgovara utoliko \u0161to joj potvr\u0111uje status \u201cpredzi\u0111a Evrope\u201d i ostavlja je za\u0161ti\u0107enom od mogu\u0107nosti zna\u010dajnijih utjecaja iz Srbije i uspostave ponovnih politi\u010dkih i ekonomskih rivalstava.<\/p>\n<p>U tom cilju Hrvatskoj se isplati kao alternativno rje\u0161enje prepustiti Srbiji dominantan utjecaj nad Zapadnim Balkanom pa i Hrvatima u BiH, sve dok to zna\u010di dr\u017eanje ove zemlje dalje od granica Evropske unije, dakle i same Hrvatske.<\/p>\n<p>(D.H.)<\/p>\n","protected":false},"excerpt":{"rendered":"<p>\u017deljko Trkanjec, analiti\u010dar hrvatskog Jutarnjeg lista, blisko povezanog s vladaju\u0107om strankom u ovoj zemlji, napisao je krajnje afirmativan komentar o Macronovom odbijanju da da zeleno svjetlo Sjevernoj Makedoniji i Albaniji za po\u010detak pregovora o EU i umjesto toga zastupanju ideje \u201eMalog Schengena\u201c kao alternativne unije \u0161est balkanskih zemalja, \u0161to je koncept koji od po\u010detka podr\u017eava [&hellip;]<\/p>\n","protected":false},"author":59,"featured_media":14808,"comment_status":"open","ping_status":"closed","sticky":false,"template":"","format":"standard","meta":{"inline_featured_image":false,"footnotes":""},"categories":[40],"tags":[],"class_list":{"0":"post-14807","1":"post","2":"type-post","3":"status-publish","4":"format-standard","5":"has-post-thumbnail","7":"category-region"},"acf":[],"_links":{"self":[{"href":"https:\/\/tvsensor.com\/api\/wp\/v2\/posts\/14807","targetHints":{"allow":["GET"]}}],"collection":[{"href":"https:\/\/tvsensor.com\/api\/wp\/v2\/posts"}],"about":[{"href":"https:\/\/tvsensor.com\/api\/wp\/v2\/types\/post"}],"author":[{"embeddable":true,"href":"https:\/\/tvsensor.com\/api\/wp\/v2\/users\/59"}],"replies":[{"embeddable":true,"href":"https:\/\/tvsensor.com\/api\/wp\/v2\/comments?post=14807"}],"version-history":[{"count":1,"href":"https:\/\/tvsensor.com\/api\/wp\/v2\/posts\/14807\/revisions"}],"predecessor-version":[{"id":14809,"href":"https:\/\/tvsensor.com\/api\/wp\/v2\/posts\/14807\/revisions\/14809"}],"wp:featuredmedia":[{"embeddable":true,"href":"https:\/\/tvsensor.com\/api\/wp\/v2\/media\/14808"}],"wp:attachment":[{"href":"https:\/\/tvsensor.com\/api\/wp\/v2\/media?parent=14807"}],"wp:term":[{"taxonomy":"category","embeddable":true,"href":"https:\/\/tvsensor.com\/api\/wp\/v2\/categories?post=14807"},{"taxonomy":"post_tag","embeddable":true,"href":"https:\/\/tvsensor.com\/api\/wp\/v2\/tags?post=14807"}],"curies":[{"name":"wp","href":"https:\/\/api.w.org\/{rel}","templated":true}]}}