{"id":14791,"date":"2019-11-04T15:57:00","date_gmt":"2019-11-04T15:57:00","guid":{"rendered":"https:\/\/senzor.ba\/?p=14791"},"modified":"2024-01-15T21:44:27","modified_gmt":"2024-01-15T20:44:27","slug":"mostar-domacin-u-17-europskog-prvenstva-2022-godine-za-nogometasice","status":"publish","type":"post","link":"https:\/\/tvsensor.com\/clanak\/mostar-domacin-u-17-europskog-prvenstva-2022-godine-za-nogometasice\/","title":{"rendered":"Mostar doma\u0107in U-17 Europskog prvenstva 2022. godine za nogometa\u0161ice"},"content":{"rendered":"<p><strong>Gradona\u010delnik Mostara Ljubo Be\u0161li\u0107 primio je u ponedjeljak predstavnike Nogometnog saveza BiH i nogometnih klubova H\u0160K Zrinjski i FK Vele\u017e.<\/strong><\/p>\n<p>Predstavnici Nogometnog saveza BiH upoznali su gradona\u010delnika Be\u0161li\u0107a kako je na sjednici Izvr\u0161nog odbora UEFA-e odr\u017eanoj u Ljubljani pod predsjedavanjem predsjednika UEFA-e Aleksandera \u010ceferina, donesena odluka da se Bosni i Hercegovini dodjeli organizacija U-17 Europskog prvenstva 2022. godine u nogometu za \u017eene.<\/p>\n<p>Naglasili su kako je tom odlukom ukazana velika \u010dast Bosni i Hercegovini te Nogometnom savezu BiH, koji \u0107e po prvi put biti organizatori jednog europskog natjecanja pod okriljem UEFA-e.<\/p>\n<p>S obzirom da \u0107e se utakmice na prvenstvu Europe igrati u Sarajevu, Isto\u010dnom Sarajevu i Mostaru, sastanak je odr\u017ean s ciljem stvaranja neophodnih pretpostavki za odigravanja utakmica na stadionima mostarskih gradskih klubova, a sudionici sastanka slo\u017eili su se kako \u0107e bit potrebno uklju\u010diti i vi\u0161e razine vlasti, priop\u0107eno je iz Gradske uprave Mostara.<\/p>\n","protected":false},"excerpt":{"rendered":"<p>Gradona\u010delnik Mostara Ljubo Be\u0161li\u0107 primio je u ponedjeljak predstavnike Nogometnog saveza BiH i nogometnih klubova H\u0160K Zrinjski i FK Vele\u017e. Predstavnici Nogometnog saveza BiH upoznali su gradona\u010delnika Be\u0161li\u0107a kako je na sjednici Izvr\u0161nog odbora UEFA-e odr\u017eanoj u Ljubljani pod predsjedavanjem predsjednika UEFA-e Aleksandera \u010ceferina, donesena odluka da se Bosni i Hercegovini dodjeli organizacija U-17 Europskog [&hellip;]<\/p>\n","protected":false},"author":59,"featured_media":14792,"comment_status":"open","ping_status":"closed","sticky":false,"template":"","format":"standard","meta":{"inline_featured_image":false,"footnotes":""},"categories":[62,61],"tags":[],"class_list":{"0":"post-14791","1":"post","2":"type-post","3":"status-publish","4":"format-standard","5":"has-post-thumbnail","7":"category-nogomet","8":"category-sport"},"acf":[],"_links":{"self":[{"href":"https:\/\/tvsensor.com\/api\/wp\/v2\/posts\/14791","targetHints":{"allow":["GET"]}}],"collection":[{"href":"https:\/\/tvsensor.com\/api\/wp\/v2\/posts"}],"about":[{"href":"https:\/\/tvsensor.com\/api\/wp\/v2\/types\/post"}],"author":[{"embeddable":true,"href":"https:\/\/tvsensor.com\/api\/wp\/v2\/users\/59"}],"replies":[{"embeddable":true,"href":"https:\/\/tvsensor.com\/api\/wp\/v2\/comments?post=14791"}],"version-history":[{"count":1,"href":"https:\/\/tvsensor.com\/api\/wp\/v2\/posts\/14791\/revisions"}],"predecessor-version":[{"id":14793,"href":"https:\/\/tvsensor.com\/api\/wp\/v2\/posts\/14791\/revisions\/14793"}],"wp:featuredmedia":[{"embeddable":true,"href":"https:\/\/tvsensor.com\/api\/wp\/v2\/media\/14792"}],"wp:attachment":[{"href":"https:\/\/tvsensor.com\/api\/wp\/v2\/media?parent=14791"}],"wp:term":[{"taxonomy":"category","embeddable":true,"href":"https:\/\/tvsensor.com\/api\/wp\/v2\/categories?post=14791"},{"taxonomy":"post_tag","embeddable":true,"href":"https:\/\/tvsensor.com\/api\/wp\/v2\/tags?post=14791"}],"curies":[{"name":"wp","href":"https:\/\/api.w.org\/{rel}","templated":true}]}}