{"id":14788,"date":"2019-11-04T15:54:51","date_gmt":"2019-11-04T15:54:51","guid":{"rendered":"https:\/\/senzor.ba\/?p=14788"},"modified":"2024-01-15T21:44:28","modified_gmt":"2024-01-15T20:44:28","slug":"na-sajmu-jesen-u-visokom-90-izlagaca","status":"publish","type":"post","link":"https:\/\/tvsensor.com\/clanak\/na-sajmu-jesen-u-visokom-90-izlagaca\/","title":{"rendered":"Na sajmu \u201cJesen u Visokom\u201d 90 izlaga\u010da"},"content":{"rendered":"<p>Visoko je u naredna tri dana doma\u0107in Izlo\u017ebeno-prodajnog sajma poljoprivredno-prehrambenih proizvoda \u201cJesen u Visokom\u201d.<\/p>\n<p>Sajam \u0107e biti prilika da oko 90 izlaga\u010da iz 25 gradova \u0161irom BiH prezentira svoje proizvode, trguje i dogovori nove poslovne ideje s partnerima, saop\u0107eno je iz Grada Visoko.<\/p>\n<p>Prvi sajam je organizovan 2004. godine, okupljaju\u0107i izlaga\u010de suhomesnatih proizvoda, kako dolikuje i prezentira grad Visoko, kao grad suhog mesa i poznatih proizvoda viso\u010dke pe\u010denice i sud\u017euke.<\/p>\n<p>Vremenom se \u0161irio i okupljao sve ve\u0107i broj izlaga\u010da iz poljoprivredno \u2013 prehrambenog sektora sa posebnim naglaskom na doma\u0107u proizvodnju i doma\u0107i proizvod. Danas, sajam \u0161iri svoje granice, te pored izlo\u017ebeno prodajnog karaktera popratne aktivnosti poput edukacija, radionica, poslovnih susreta i prezentacija upotpunjuju dane sajma.<\/p>\n","protected":false},"excerpt":{"rendered":"<p>Visoko je u naredna tri dana doma\u0107in Izlo\u017ebeno-prodajnog sajma poljoprivredno-prehrambenih proizvoda \u201cJesen u Visokom\u201d. Sajam \u0107e biti prilika da oko 90 izlaga\u010da iz 25 gradova \u0161irom BiH prezentira svoje proizvode, trguje i dogovori nove poslovne ideje s partnerima, saop\u0107eno je iz Grada Visoko. Prvi sajam je organizovan 2004. godine, okupljaju\u0107i izlaga\u010de suhomesnatih proizvoda, kako dolikuje [&hellip;]<\/p>\n","protected":false},"author":59,"featured_media":14789,"comment_status":"open","ping_status":"closed","sticky":false,"template":"","format":"standard","meta":{"inline_featured_image":false,"footnotes":""},"categories":[43,42],"tags":[],"class_list":{"0":"post-14788","1":"post","2":"type-post","3":"status-publish","4":"format-standard","5":"has-post-thumbnail","7":"category-bih","8":"category-ekonomija"},"acf":[],"_links":{"self":[{"href":"https:\/\/tvsensor.com\/api\/wp\/v2\/posts\/14788","targetHints":{"allow":["GET"]}}],"collection":[{"href":"https:\/\/tvsensor.com\/api\/wp\/v2\/posts"}],"about":[{"href":"https:\/\/tvsensor.com\/api\/wp\/v2\/types\/post"}],"author":[{"embeddable":true,"href":"https:\/\/tvsensor.com\/api\/wp\/v2\/users\/59"}],"replies":[{"embeddable":true,"href":"https:\/\/tvsensor.com\/api\/wp\/v2\/comments?post=14788"}],"version-history":[{"count":1,"href":"https:\/\/tvsensor.com\/api\/wp\/v2\/posts\/14788\/revisions"}],"predecessor-version":[{"id":14790,"href":"https:\/\/tvsensor.com\/api\/wp\/v2\/posts\/14788\/revisions\/14790"}],"wp:featuredmedia":[{"embeddable":true,"href":"https:\/\/tvsensor.com\/api\/wp\/v2\/media\/14789"}],"wp:attachment":[{"href":"https:\/\/tvsensor.com\/api\/wp\/v2\/media?parent=14788"}],"wp:term":[{"taxonomy":"category","embeddable":true,"href":"https:\/\/tvsensor.com\/api\/wp\/v2\/categories?post=14788"},{"taxonomy":"post_tag","embeddable":true,"href":"https:\/\/tvsensor.com\/api\/wp\/v2\/tags?post=14788"}],"curies":[{"name":"wp","href":"https:\/\/api.w.org\/{rel}","templated":true}]}}