{"id":14781,"date":"2019-11-04T12:00:00","date_gmt":"2019-11-04T12:00:00","guid":{"rendered":"https:\/\/senzor.ba\/?p=14781"},"modified":"2024-01-15T21:44:28","modified_gmt":"2024-01-15T20:44:28","slug":"admir-muratovic-se-razlikuje-od-ostatka-bosanaca-u-sloveniji-a-evo-i-po-cemu","status":"publish","type":"post","link":"https:\/\/tvsensor.com\/clanak\/admir-muratovic-se-razlikuje-od-ostatka-bosanaca-u-sloveniji-a-evo-i-po-cemu\/","title":{"rendered":"Admir Muratovi\u0107 se razlikuje od ostatka Bosanaca u Sloveniji, a evo i po \u010demu"},"content":{"rendered":"<p>Admir Muratovi\u0107 ro\u0111en je 27. jula 1994. u Kopru (Slovenija). Osnovno i srednje obrazovanje stekao je u rodnom gradu, a potom upisuje Pravni fakultet Univerziteta u Mariboru kojeg uspje\u0161no zavr\u0161ava 2017. godine. U novembru 2018. godine polo\u017eio je hifz pred Komisijom za hifz Rijaseta Islamske zajednice u Bosni i Hercegovini, te tako postao prvi hafiz Kur'ana koji je ro\u0111en i koji \u017eivi u Sloveniji.<\/p>\n<p>Prema njegovim rije\u010dima, identitet i kultura Bo\u0161njaka u Sloveniji najvi\u0161e se o\u010duvala kroz institucije Islamske zajednice, bilo da se radi o generaciji koja je Sloveniju naseljavala u vrijeme postojanja biv\u0161e Jugoslavije ili o onoj koja je ro\u0111ena u ovoj zemlji.<\/p>\n<div class=\"article hasRelatedCard hasRelatedImg hasRelatedCardBody hasRelatedHeader\">\n<div class=\"card\"><\/div>\n<\/div>\n<p><strong>O\u010duvanje kulture i tradicije Bo\u0161njaka kroz aktivnosti IZ i BKS<\/strong><\/p>\n<p>&#8211; Nakon prvih doseljavanja iz Bosne i Hercegovine u 50-im i 60-im godinama 20. stolje\u0107a, gdje su Bo\u0161njaci ve\u0107inom predstavljali radnu snagu u sekundarnom privrednom sektoru (industrija, rudarstvo, gra\u0111evina), protokom vremena rastao je, a i dalje raste, broj obrazovanih i visokokvalifikovanih Bo\u0161njaka u Sloveniji. \u0160to se ti\u010de broja, potrebno je uzeti u obzir da se u Sloveniji nalazi veliki broj privremenih studenata iz Bosne i Hercegovine, kao i ljudi u radnom odnosu koji su svojim \u017eivotom i aktivnostima mimo posla ipak vi\u0161e vezani za Bosnu i Hercegovinu. Predstavnici IZ nezvani\u010dno procjenjuju da danas u Sloveniji \u017eivi i do 100.000 Bo\u0161njaka, vjerovatno ih je oko 70 hiljada sa stalnim boravkom u Sloveniji. Op\u0107enito je kod Bo\u0161njaka specifi\u010dna povezanost vjerskog i narodnog identiteta. Tako se i u Sloveniji o\u010duvanje kulturne tradicije odr\u017eava u znatnoj mjeri kroz aktivnosti u okrilju Islamske zajednice u Republici Sloveniji. Pored obavljanja vjerskih du\u017enosti u d\u017eematima, odr\u017eavaju se vjerske aktivnosti za mla\u0111e (mekteb), kao i za starije, redovna predavanja, dru\u017eenja omladine itd. Vrijedi spomenuti da Islamska zajednica u Republici Sloveniji svake godine obilje\u017eava sje\u0107anje na genocid u Srebrenici, kao i sje\u0107anje na Bo\u0161njake koji su svoj \u017eivot polo\u017eili u Prvom svjetskom ratu prilikom borbi na So\u0161kom frontu, pri\u010da Admir Muratovi\u0107 u razgovoru za Anadoliju.<\/p>\n<p>Kako ka\u017ee, Bo\u0161nja\u010dki kulturni savez Slovenije poma\u017ee u o\u010duvanju tradicije, iako se u velikoj mjeri osjete posljedice nepriznavanja Bo\u0161njaka kao nacionalne manjine u ovoj zemlji.<\/p>\n<p>&#8211; Bo\u0161nja\u010dki kulturni savez Slovenije ujedinjuje vi\u0161e razli\u010ditih dru\u0161tava, od kulturnih i umjetni\u010dkih do sportskih. U tom pogledu se po \u010ditavoj Sloveniji organizuju razli\u010diti doga\u0111aji, kao npr. nastupi folklornih grupa, festivali bosanske hrane, koncerti sevdaha, literarne ve\u010deri itd. Bo\u0161njaci u Sloveniji, kao i ostali narodi iz biv\u0161e Jugoslavije, nisu priznati kao nacionalna manjina te stoga ne u\u017eivaju ustavna prava koja ina\u010de pripadaju manjinama. Primjerice, nije im zagarantovano politi\u010dko predstavni\u0161tvo u najvi\u0161im dr\u017eavnim organima. Nadalje, djeca nemaju mogu\u0107nost u\u010denja bosanskog jezika u obrazovnom sistemu. Bez tog vida pomo\u0107i dr\u017eave, Bo\u0161njaci se u kolektivnom smislu oslanjaju na vlastite napore, ka\u017ee Muratovi\u0107.<\/p>\n<p><img decoding=\"async\" src=\"https:\/\/mbapi.oslobodjenje.ba\/storage\/images\/25d1\/57c4\/4344\/55949893_105348670648433_8436158390387867648_n.jpg\" \/><\/p>\n<p><strong>Odli\u010dno integrisani u dru\u0161tvo<\/strong><\/p>\n<p>Ono po \u010demu se isti\u010de od ostatka zajednice Bo\u0161njaka u Sloveniji jeste da je upravo on prvi hafiz Kur'ana ro\u0111en u ovoj dr\u017eavi. Kako ka\u017ee, u\u010denje hifza je bio izuzetno zahtjevan proces, posebno za nekog ko odrasta van svoje domovine.<\/p>\n<div class=\"article hasRelatedCard hasRelatedImg hasRelatedCardBody hasRelatedHeader\">\n<div class=\"card\"><\/div>\n<\/div>\n<p>&#8211; S obzirom da nisam poha\u0111ao medresu, niti neki od islamskih fakulteta, moj susret s hifzom Kur'ana je tekao drugim pravcem. Svakako je veliki izazov u\u010diti Kur'an napamet u dru\u0161tvu gdje su muslimani manjina i gdje se, shodno tome, u svakodnevnici daleko manje pri\u010da o Kur'anu, gdje nema hafiskih dova, \u017eivih hafiza i ostalih faktora koji motivi\u0161u u\u010denike hifza. To je jedan od klju\u010dnih razloga za\u0161to je van domovine te\u017ee zavr\u0161iti hifz, \u0161to rezultira u znatno manjem broju hafiza u pore\u0111enju s Bosnom i Hercegovinom. U\u010denje Kur'ana napamet u takvoj okolini iziskuje jo\u0161 vi\u0161e upornosti, predanosti, vlastitog anga\u017emana i samodiscipline. Hifz Kur'ana je jedan dugotrajan, kompleksan i mukotrpan proces. Da bi se uspje\u0161no zavr\u0161io, zasigurno se mora postaviti na vrh liste prioriteta, prije svih drugih obaveza. Pogotovo kad sam ulazio u dublje faze tog procesa, u u\u010denje druge polovine Kur'ana i na kraju u fazu zavr\u0161nih priprema za polaganje pred Komisijom za hifz Rijaseta Islamske zajednice u Bosni i Hercegovini, bio sam primoran zalediti ostale obaveze i potpuno se posvetiti hifzu. U zavr\u0161noj fazi sam u\u010dio i do 12 sati dnevno. Vrijednost hifza i hafiza je nemjerljiva i sav trud se na kraju mnogostruko isplati. Na tom putu sam od po\u010detka do kraja imao podr\u0161ku svog muhaffiza, hfz. \u0160pendi-ef. Fidanija, svojih roditelja, kao i Islamske zajednice u Republici Sloveniji na \u010delu s muftijom, prof. dr Ned\u017eadom Grabusom. Svima sam na tome duboko zahvalan\u201d, prisje\u0107a se Muratovi\u0107.<\/p>\n<p>Zadnjih godina, op\u0107enito u Europi, svjedoci smo ja\u010danja desne politi\u010dke struje. Kod iste je \u010desto prisutan nacionalisti\u010dki i ekstremisti\u010dki diskurs koji islam definira kao nasilnu religiju, a muslimanima daje etikete negativne konotacije. U tom pogledu, svoju jaku ulogu u dru\u0161tvu iskori\u0161tavaju i neki mediji sa svojim subjektivnim i tendecioznim izvje\u0161tavanjem. Muratovi\u0107 navodi da su muslimani u Sloveniji odli\u010dno integrisani te da u ovoj zemlji oni imaju zagatantovane temeljne slobode koje im omogu\u0107avaju prakticiranje islamskog na\u010dina \u017eivota.<\/p>\n<div class=\"article hasRelatedCard hasRelatedImg hasRelatedCardBody hasRelatedHeader\">\n<div class=\"card\"><\/div>\n<\/div>\n<p>&#8211; Ovakva pojava mo\u017ee kod odre\u0111enog broja ljudi podsticati mr\u017enju prema islamu i muslimanima. Europski muslimani koji smo odli\u010dno integrisani u dru\u0161tvo i po\u0161tujemo dr\u017eavno-ustavni poredak te uspostavljene norme i standarde, osjetljivi smo na takvu pojavu. Sloboda govora koja je zagarantovana u demokratskom dru\u0161tvu ne smije se zloupotrebljavati i biti izgovor za govor mr\u017enje prema drugima i druga\u010dijima. To je ozbiljan problem s kojim se pretpostavljeni trebaju sistematski suo\u010diti. No, sloboda koju u\u017eivamo u slovenskom dru\u0161tvu je velika blagodat. U jednom takvom pluralnom ambijentu i dru\u0161tvu gdje su zagarantovana ljudska prava i temeljne slobode je lak\u0161e o\u010duvanje dostojanstva i razvijanje vjerskog i narodnog identiteta. U nekim segmentima, naravno, osje\u0107amo nedostatke i \u017eelimo ve\u0107u anga\u017eovanost dr\u017eavnih organa, ali, prije svega, trebamo sami u\u010diniti sve \u0161to je u na\u0161oj mo\u0107i, nastojati truditi se za ostvarenje svojih prava i biti uzorit primjer gra\u0111anina na koje \u0107e se i drugi ugledati\u201d, konstatira Muratovi\u0107.<\/p>\n<p>MojaBiH<\/p>\n","protected":false},"excerpt":{"rendered":"<p>Admir Muratovi\u0107 ro\u0111en je 27. jula 1994. u Kopru (Slovenija). Osnovno i srednje obrazovanje stekao je u rodnom gradu, a potom upisuje Pravni fakultet Univerziteta u Mariboru kojeg uspje\u0161no zavr\u0161ava 2017. godine. U novembru 2018. godine polo\u017eio je hifz pred Komisijom za hifz Rijaseta Islamske zajednice u Bosni i Hercegovini, te tako postao prvi hafiz [&hellip;]<\/p>\n","protected":false},"author":59,"featured_media":14783,"comment_status":"open","ping_status":"closed","sticky":false,"template":"","format":"standard","meta":{"inline_featured_image":false,"footnotes":""},"categories":[39],"tags":[],"class_list":{"0":"post-14781","1":"post","2":"type-post","3":"status-publish","4":"format-standard","5":"has-post-thumbnail","7":"category-dijaspora"},"acf":[],"_links":{"self":[{"href":"https:\/\/tvsensor.com\/api\/wp\/v2\/posts\/14781","targetHints":{"allow":["GET"]}}],"collection":[{"href":"https:\/\/tvsensor.com\/api\/wp\/v2\/posts"}],"about":[{"href":"https:\/\/tvsensor.com\/api\/wp\/v2\/types\/post"}],"author":[{"embeddable":true,"href":"https:\/\/tvsensor.com\/api\/wp\/v2\/users\/59"}],"replies":[{"embeddable":true,"href":"https:\/\/tvsensor.com\/api\/wp\/v2\/comments?post=14781"}],"version-history":[{"count":1,"href":"https:\/\/tvsensor.com\/api\/wp\/v2\/posts\/14781\/revisions"}],"predecessor-version":[{"id":14784,"href":"https:\/\/tvsensor.com\/api\/wp\/v2\/posts\/14781\/revisions\/14784"}],"wp:featuredmedia":[{"embeddable":true,"href":"https:\/\/tvsensor.com\/api\/wp\/v2\/media\/14783"}],"wp:attachment":[{"href":"https:\/\/tvsensor.com\/api\/wp\/v2\/media?parent=14781"}],"wp:term":[{"taxonomy":"category","embeddable":true,"href":"https:\/\/tvsensor.com\/api\/wp\/v2\/categories?post=14781"},{"taxonomy":"post_tag","embeddable":true,"href":"https:\/\/tvsensor.com\/api\/wp\/v2\/tags?post=14781"}],"curies":[{"name":"wp","href":"https:\/\/api.w.org\/{rel}","templated":true}]}}