{"id":14778,"date":"2019-11-04T11:52:49","date_gmt":"2019-11-04T11:52:49","guid":{"rendered":"https:\/\/senzor.ba\/?p=14778"},"modified":"2024-01-15T21:44:28","modified_gmt":"2024-01-15T20:44:28","slug":"video-bakir-izetbegovic-u-ognjenoj-zemlji-kako-covjek-ne-bi-bio-ljut-i-zabrinut-sa-politickom-i-ekonomskom-situacijom-ovdje-napravi-takvu-cehru-kod-insana","status":"publish","type":"post","link":"https:\/\/tvsensor.com\/clanak\/video-bakir-izetbegovic-u-ognjenoj-zemlji-kako-covjek-ne-bi-bio-ljut-i-zabrinut-sa-politickom-i-ekonomskom-situacijom-ovdje-napravi-takvu-cehru-kod-insana\/","title":{"rendered":"(VIDEO) Bakir Izetbegovi\u0107 u Ognjenoj zemlji: \u201cKako \u010dovjek ne bi bio ljut i zabrinut sa politi\u010dkom i ekonomskom situacijom ovdje. Napravi takvu \u010dehru kod insana\u201d"},"content":{"rendered":"<p><strong>Bakir Izetbegovi\u0107, lider Stranke demokratske akcije (SDA), bio je gost novog izdanja emisije \u201cOgnjena zemlja\u201d koju vodi i ure\u0111uje Ognjen Blagojevi\u0107, a koja je emitovana sino\u0107 u programu TV1.<\/strong><\/p>\n<p>U nesvakida\u0161njem i opu\u0161tenom razgovoru sa Blagojevi\u0107em, otkrio je \u0161ta se to krije ispod ve\u0107inski ozbiljne, zabrinute i ljutite vanj\u0161tine, iako tvrdi da nije siguran da ostavlja ba\u0161 takav utisak.<\/p>\n<p><em>\u201cNe znam je li ba\u0161 tako, ako jeste onda je sa pravom tako. Kako \u010dovjek ne bi bio ozbiljan, ljut, zabrinut, sve ostalo bi bilo neozbiljno sa politi\u010dkom i ekonomskom situacijom kakvu imamo ovdje itd. Pitanja koja uslijede tada uvijek politi\u010dara stavljaju u to da je suodgovoran, bez obzira \u0161to je po meni druga i tre\u0107a strana odgovorna za neke stvari. Napravi to \u010dehru od insana\u201d,<\/em>\u00a0mi\u0161ljenja je Izetbegovi\u0107.<\/p>\n<p><iframe loading=\"lazy\" title=\"Bakir Izetbegovi\u0107: &quot;Kako \u010dovjek ne bi bio zabrinut, napravi takvu \u010dehru kod insana&quot;\" width=\"696\" height=\"392\" src=\"https:\/\/www.youtube.com\/embed\/FMLIhIgmgoo?feature=oembed\" frameborder=\"0\" allow=\"accelerometer; autoplay; clipboard-write; encrypted-media; gyroscope; picture-in-picture\" allowfullscreen><\/iframe><\/p>\n<p>okom razgovora osvrnuo se i na svog oca, Aliju Izetbegovi\u0107a, prvog predsjednika me\u0111unarodno priznate dr\u017eave Bosne i Hercegovine i vrhovnog komadanta Armije RBiH tokom agresije na BiH u periodu od 1992. do 1995. godine, kao i prvog predsjednika Stranke demokratske akcije (SDA).<\/p>\n<p>Mislio je da \u0107e mu otac vi\u0161e nedostajati, kako ka\u017ee, a dan kad je preselio, podsje\u0107a ga na pomije\u0161ane emocije.<\/p>\n<p><em>\u201cTo je bila mje\u0161avina tuge \u0161to ga vi\u0161e nema, a i ponosa nekog \u0161to je \u010dovjek zavr\u0161io na jedan dobar na\u010din ono \u0161to je radio. Ja sam tako osje\u0107ao. Borio se sa svime, na kraju krajeva, s tom bole\u0161\u0107u. Bio je insan u tome svemu, bio je \u010dovjek\u201d,<\/em>\u00a0prisje\u0107a se Izetbegovi\u0107.<\/p>\n<p>Aliju Izetbegovi\u0107a mnogi pamte po smirenosti, pa je uslijedilo i pitanje kako mu je to uspjevalo tokom obavljanja du\u017enosti.<\/p>\n<p><em>\u201cNau\u010di \u010dovjek koji izdr\u017ei devet godina u zatvoru. Takav \u010dovjek mo\u017ee da se nosi sa vremenom, nau\u010di da se ne nervira, da trpi. Glavna snaga je strpljenje. Sve po\u010dinje sa strpljenjem, sa onim \u0161to mo\u017eete izdr\u017eati<\/em>\u201c, dio je odgovora koji je Izetbegovi\u0107 dao za TV1 i dodao:<\/p>\n<p><em>\u201cTo mi je prva snaga!\u201d<\/em><\/p>\n<p>Smatra kako je u sportu, ratu i li\u010dnom \u017eivotu strpljenje glavno oru\u017eje.<\/p>\n<p><em>\u201cMogu izdr\u017eat, ne ka\u017eem da bi se mogao nositi sa njim, valja devet godina biti u prostoriji koju neko sa druge strane zaklju\u010dava, a vi ostanete u njoj sa kriminalcima. On nijednog dana nije iza\u0161ao i zatvora. Kako oni bilderi oja\u010daju mi\u0161i\u0107e, tako se oja\u010daju i nervi. Strpljenje, sabur kako mi to ka\u017eemo\u201d,<\/em>\u00a0zaklju\u010dio je Izetbegovi\u0107.<\/p>\n<p>Cijeli razgovor mo\u017eete pogledati u nastavku, a svake nedjelje od 20 sati pratite nova izdanja emisije \u201cOgnjena zemlja\u201d kada donosimo seriju intervjua sa poznatim i manje poznatim osobama, javnim li\u010dnostima, ali i onima koje to nisu, zaboravljenim, a ujedno veoma dragim osobama koji su obilje\u017eili jedan period na\u0161ih \u017eivota.<\/p>\n<p><iframe loading=\"lazy\" title=\"Ognjena zemlja: Gost Bakir Izetbegovi\u0107 - 3.11.2019.\" width=\"696\" height=\"392\" src=\"https:\/\/www.youtube.com\/embed\/DpJog_kGPVI?feature=oembed\" frameborder=\"0\" allow=\"accelerometer; autoplay; clipboard-write; encrypted-media; gyroscope; picture-in-picture\" allowfullscreen><\/iframe><\/p>\n<p>TV1<\/p>\n","protected":false},"excerpt":{"rendered":"<p>Bakir Izetbegovi\u0107, lider Stranke demokratske akcije (SDA), bio je gost novog izdanja emisije \u201cOgnjena zemlja\u201d koju vodi i ure\u0111uje Ognjen Blagojevi\u0107, a koja je emitovana sino\u0107 u programu TV1. U nesvakida\u0161njem i opu\u0161tenom razgovoru sa Blagojevi\u0107em, otkrio je \u0161ta se to krije ispod ve\u0107inski ozbiljne, zabrinute i ljutite vanj\u0161tine, iako tvrdi da nije siguran da [&hellip;]<\/p>\n","protected":false},"author":59,"featured_media":14779,"comment_status":"open","ping_status":"closed","sticky":false,"template":"","format":"standard","meta":{"inline_featured_image":false,"footnotes":""},"categories":[75],"tags":[],"class_list":{"0":"post-14778","1":"post","2":"type-post","3":"status-publish","4":"format-standard","5":"has-post-thumbnail","7":"category-intervju"},"acf":[],"_links":{"self":[{"href":"https:\/\/tvsensor.com\/api\/wp\/v2\/posts\/14778","targetHints":{"allow":["GET"]}}],"collection":[{"href":"https:\/\/tvsensor.com\/api\/wp\/v2\/posts"}],"about":[{"href":"https:\/\/tvsensor.com\/api\/wp\/v2\/types\/post"}],"author":[{"embeddable":true,"href":"https:\/\/tvsensor.com\/api\/wp\/v2\/users\/59"}],"replies":[{"embeddable":true,"href":"https:\/\/tvsensor.com\/api\/wp\/v2\/comments?post=14778"}],"version-history":[{"count":1,"href":"https:\/\/tvsensor.com\/api\/wp\/v2\/posts\/14778\/revisions"}],"predecessor-version":[{"id":14782,"href":"https:\/\/tvsensor.com\/api\/wp\/v2\/posts\/14778\/revisions\/14782"}],"wp:featuredmedia":[{"embeddable":true,"href":"https:\/\/tvsensor.com\/api\/wp\/v2\/media\/14779"}],"wp:attachment":[{"href":"https:\/\/tvsensor.com\/api\/wp\/v2\/media?parent=14778"}],"wp:term":[{"taxonomy":"category","embeddable":true,"href":"https:\/\/tvsensor.com\/api\/wp\/v2\/categories?post=14778"},{"taxonomy":"post_tag","embeddable":true,"href":"https:\/\/tvsensor.com\/api\/wp\/v2\/tags?post=14778"}],"curies":[{"name":"wp","href":"https:\/\/api.w.org\/{rel}","templated":true}]}}