{"id":14770,"date":"2019-11-04T11:46:25","date_gmt":"2019-11-04T11:46:25","guid":{"rendered":"https:\/\/senzor.ba\/?p=14770"},"modified":"2024-01-15T21:44:28","modified_gmt":"2024-01-15T20:44:28","slug":"dodik-rs-zeli-neovisnost-kao-i-kosovo","status":"publish","type":"post","link":"https:\/\/tvsensor.com\/clanak\/dodik-rs-zeli-neovisnost-kao-i-kosovo\/","title":{"rendered":"Dodik: RS \u017eeli neovisnost kao i Kosovo"},"content":{"rendered":"<p><strong>\u201cBiH je nama nametnuta kao obvezuju\u0107a i obvezna dr\u017eava, iako nas niko nije obavijestio za\u0161to ona mora biti neizbje\u017ena i obvezna\u201d, rekao je Dodik.<\/strong><\/p>\n<p>Srpski \u010dlan Predsjedni\u0161tva BiH Milorad Dodik izjavio je za Srnu kako oni koji guraju pri\u010du o neovisnosti Kosova moraju ra\u010dunati na to da i Republika Srpska isto tako razmi\u0161lja o svom statusu i budu\u0107nosti, bez obzira na to \u0161to neki drugi \u017eele kako to nije \u010dinjenica.<\/p>\n<p>Upitan da prokomentira izjavu biv\u0161eg ministra vanjskih poslova Kosova Bed\u017eeta Pacolija, koji je predsjedniku Srbije Aleksandru Vu\u010di\u0107u poru\u010dio kako ima samo jednu \u0161ansu priznati neovisno Kosovo, jer je to realnost, Dodik je rekao kako je Pacoli \u010dovjek koji ne bi mogao dr\u017eatii lekcije bilo kome te da prijetnje koje upu\u0107uje spadaju u red neprihvatljivih stvari.<\/p>\n<p>Dodik je poru\u010dio kako su Republika Srpska i Srbi zagledani u Srbiju i da Vu\u010di\u0107 to dobro razumije, cijeni i podr\u017eava Srpsku i Srbe, kao \u0161to i RS cijeni i podr\u017eava i samog Vu\u010di\u0107a u tom pogledu.<\/p>\n<p>On je rekao kako ju\u017ena srpska pokrajina i naravno RS, kao sjeverozapadni entitet u BiH, imaju mnogo stvari o kojima se treba razgovarati i razmi\u0161ljati.<\/p>\n<p><em>\u201cBiH je ovdje nama nametnuta kao obvezuju\u0107a i obvezna dr\u017eava, iako nas niko nije o tome obavijestio za\u0161to ona mora biti neizbje\u017ena i obvezna, tako da je u tom pogledu Republika Srpska apsolutno protiv situacije oko statusa Kosova\u201d<\/em>, rekao je Dodik.<\/p>\n<p>On je istaknuo da RS jeste potpisala Daytonski sporazum, ali da su taj sporazum mnogi stranci ve\u0107 \u201crazvalili\u201d do te mjere da je upitno postoji li BiH kao obvezuju\u0107a dr\u017eava kao takva.<\/p>\n<p>Dodik je poru\u010dio da BiH nije priznala Kosovo, niti ima namjeru to u\u010diniti.<\/p>\n","protected":false},"excerpt":{"rendered":"<p>\u201cBiH je nama nametnuta kao obvezuju\u0107a i obvezna dr\u017eava, iako nas niko nije obavijestio za\u0161to ona mora biti neizbje\u017ena i obvezna\u201d, rekao je Dodik. Srpski \u010dlan Predsjedni\u0161tva BiH Milorad Dodik izjavio je za Srnu kako oni koji guraju pri\u010du o neovisnosti Kosova moraju ra\u010dunati na to da i Republika Srpska isto tako razmi\u0161lja o svom [&hellip;]<\/p>\n","protected":false},"author":59,"featured_media":14771,"comment_status":"open","ping_status":"closed","sticky":false,"template":"","format":"standard","meta":{"inline_featured_image":false,"footnotes":""},"categories":[234],"tags":[],"class_list":{"0":"post-14770","1":"post","2":"type-post","3":"status-publish","4":"format-standard","5":"has-post-thumbnail","7":"category-politika"},"acf":[],"_links":{"self":[{"href":"https:\/\/tvsensor.com\/api\/wp\/v2\/posts\/14770","targetHints":{"allow":["GET"]}}],"collection":[{"href":"https:\/\/tvsensor.com\/api\/wp\/v2\/posts"}],"about":[{"href":"https:\/\/tvsensor.com\/api\/wp\/v2\/types\/post"}],"author":[{"embeddable":true,"href":"https:\/\/tvsensor.com\/api\/wp\/v2\/users\/59"}],"replies":[{"embeddable":true,"href":"https:\/\/tvsensor.com\/api\/wp\/v2\/comments?post=14770"}],"version-history":[{"count":1,"href":"https:\/\/tvsensor.com\/api\/wp\/v2\/posts\/14770\/revisions"}],"predecessor-version":[{"id":14772,"href":"https:\/\/tvsensor.com\/api\/wp\/v2\/posts\/14770\/revisions\/14772"}],"wp:featuredmedia":[{"embeddable":true,"href":"https:\/\/tvsensor.com\/api\/wp\/v2\/media\/14771"}],"wp:attachment":[{"href":"https:\/\/tvsensor.com\/api\/wp\/v2\/media?parent=14770"}],"wp:term":[{"taxonomy":"category","embeddable":true,"href":"https:\/\/tvsensor.com\/api\/wp\/v2\/categories?post=14770"},{"taxonomy":"post_tag","embeddable":true,"href":"https:\/\/tvsensor.com\/api\/wp\/v2\/tags?post=14770"}],"curies":[{"name":"wp","href":"https:\/\/api.w.org\/{rel}","templated":true}]}}