{"id":14765,"date":"2019-11-04T11:42:51","date_gmt":"2019-11-04T11:42:51","guid":{"rendered":"https:\/\/senzor.ba\/?p=14765"},"modified":"2024-01-15T21:44:29","modified_gmt":"2024-01-15T20:44:29","slug":"komsic-dodik-bi-trebao-cesce-u-sarajevo-mnogi-su-licemjerni","status":"publish","type":"post","link":"https:\/\/tvsensor.com\/clanak\/komsic-dodik-bi-trebao-cesce-u-sarajevo-mnogi-su-licemjerni\/","title":{"rendered":"Kom\u0161i\u0107: Dodik bi trebao \u010de\u0161\u0107e u Sarajevo, mnogi su licemjerni!"},"content":{"rendered":"<div class=\"main-article-text-wrapper\">\n<p>Formiranje vlasti je zapelo na po\u0161tovanju zakona i odluka Predsjedni\u0161tva. Ne tra\u017eimo ni\u0161ta nenormalno. Tra\u017eimo od mandatara da po\u0161tuje ranije donesene odluke o MAP i ANP. Ako \u0107emo sve preispitivati onda ni\u0161ta nema smisla, istakao je danas \u017deljko Kom\u0161i\u0107, predsjedavaju\u0107i Predsjedni\u0161tva BiH \u017deljko Kom\u0161i\u0107.<\/p>\n<p>\u2013 \u010cemu nam slu\u017ee onda izbori. Ovdje je klju\u010dno ho\u0107emo li po\u0161tovati zakone i odluke koje smo ranije donijeli. Ako \u0107emo svake \u010detiri godine preispitivati zakone i ranije odluke, onda je sve upitno \u2013 smatra Kom\u0161i\u0107.<\/p>\n<p>Istakao je me\u0111utim da s obzirom na aktuelne politi\u010dke prilike Predsjedni\u0161tvo BiH ipak radi.<\/p>\n<p>\u2013 Predsjedni\u0161tvo radi, radimo korektno s obzirom na politi\u010dke odnose. Ustavne nadle\u017enosti se po\u0161tuju. Dodik je malo vi\u0161e u Banjaluci nego u Sarajevu. Trebao bi \u010de\u0161\u0107e biti u Sarajevu \u2013 dodao je.<\/p>\n<p>Na kraju se osvrnuo i na posljednje kritike koje su prije svega upu\u0107ene iz SDP Bakiru Izetbegovi\u0107u, lideru SDA povodom priznanja da je znao da agent BiH u Hagu nema legitimitet da podnese reviziju tu\u017ebe, ali se ipak upustio u taj proces.<\/p>\n<p>\u2013 Svi koji napadaju Bakira javno svi su se javili u Vije\u0107nici da mu daju podr\u0161ku. Svi smo sve znali. Ja jedini nisam iza\u0161ao za govornicu da tada pri\u010dam. Mnogi su licemjerni danas \u2013 zaklju\u010duje Kom\u0161i\u0107.<\/p>\n<\/div>\n","protected":false},"excerpt":{"rendered":"<p>Formiranje vlasti je zapelo na po\u0161tovanju zakona i odluka Predsjedni\u0161tva. Ne tra\u017eimo ni\u0161ta nenormalno. Tra\u017eimo od mandatara da po\u0161tuje ranije donesene odluke o MAP i ANP. Ako \u0107emo sve preispitivati onda ni\u0161ta nema smisla, istakao je danas \u017deljko Kom\u0161i\u0107, predsjedavaju\u0107i Predsjedni\u0161tva BiH \u017deljko Kom\u0161i\u0107. \u2013 \u010cemu nam slu\u017ee onda izbori. Ovdje je klju\u010dno ho\u0107emo li [&hellip;]<\/p>\n","protected":false},"author":59,"featured_media":14767,"comment_status":"open","ping_status":"closed","sticky":false,"template":"","format":"standard","meta":{"inline_featured_image":false,"footnotes":""},"categories":[234],"tags":[],"class_list":{"0":"post-14765","1":"post","2":"type-post","3":"status-publish","4":"format-standard","5":"has-post-thumbnail","7":"category-politika"},"acf":[],"_links":{"self":[{"href":"https:\/\/tvsensor.com\/api\/wp\/v2\/posts\/14765","targetHints":{"allow":["GET"]}}],"collection":[{"href":"https:\/\/tvsensor.com\/api\/wp\/v2\/posts"}],"about":[{"href":"https:\/\/tvsensor.com\/api\/wp\/v2\/types\/post"}],"author":[{"embeddable":true,"href":"https:\/\/tvsensor.com\/api\/wp\/v2\/users\/59"}],"replies":[{"embeddable":true,"href":"https:\/\/tvsensor.com\/api\/wp\/v2\/comments?post=14765"}],"version-history":[{"count":1,"href":"https:\/\/tvsensor.com\/api\/wp\/v2\/posts\/14765\/revisions"}],"predecessor-version":[{"id":14768,"href":"https:\/\/tvsensor.com\/api\/wp\/v2\/posts\/14765\/revisions\/14768"}],"wp:featuredmedia":[{"embeddable":true,"href":"https:\/\/tvsensor.com\/api\/wp\/v2\/media\/14767"}],"wp:attachment":[{"href":"https:\/\/tvsensor.com\/api\/wp\/v2\/media?parent=14765"}],"wp:term":[{"taxonomy":"category","embeddable":true,"href":"https:\/\/tvsensor.com\/api\/wp\/v2\/categories?post=14765"},{"taxonomy":"post_tag","embeddable":true,"href":"https:\/\/tvsensor.com\/api\/wp\/v2\/tags?post=14765"}],"curies":[{"name":"wp","href":"https:\/\/api.w.org\/{rel}","templated":true}]}}