{"id":14764,"date":"2019-11-04T11:43:15","date_gmt":"2019-11-04T11:43:15","guid":{"rendered":"https:\/\/senzor.ba\/?p=14764"},"modified":"2024-01-15T21:44:29","modified_gmt":"2024-01-15T20:44:29","slug":"komsic-duzni-smo-sprijeciti-nasilje-nad-zenama-i-djevojcicama","status":"publish","type":"post","link":"https:\/\/tvsensor.com\/clanak\/komsic-duzni-smo-sprijeciti-nasilje-nad-zenama-i-djevojcicama\/","title":{"rendered":"Kom\u0161i\u0107: Du\u017eni smo sprije\u010diti nasilje nad \u017eenama i djevoj\u010dicama"},"content":{"rendered":"<p>Bilo koji oblik nasilja nad \u017eenama i djevoj\u010dicama kr\u0161enje je osnovnih ljudskih prava i ono ne ugro\u017eava samo \u017ertve, nego ostavlja nesagledive posljedice na okru\u017eenje u kojem \u017ertva \u017eivi, re\u010deno je u Sarajevu na otvorenju Globalne konvencije partnera UN Fonda za borbu protiv nasilja nad \u017eenama, jedinog globalnog mehanizma za dodjeljivanje sredstava namijenjenih eliminaciji svih oblika nasilja nad \u017eenama i djevoj\u010dicama, javlja Anadolu Agency (AA).<\/p>\n<p>Konvencija \u0107e trajati do 7. novembra, a obilje\u017eava se i po\u010detak globalne kampanje \u201d16 dana aktivizma\u201c protiv nasilja nad \u017eenama, koja se odr\u017eava \u0161irom svijeta i nastoji mobilizirati javnost u borbi protiv rodno zasnovanog nasilja. Ovogodi\u0161nja globalna kampanja \u201d16 dana aktivizma\u201c fokusira se na temu kulture silovanja.<\/p>\n<p>Otvorenje Konvencije je ozna\u010dilo i po\u010detak prve zvani\u010dne posjete Phumzile Mlambo-Ngcuka, generalne podsekretarke Ujedinjenih nacija i izvr\u0161ne direktorice UN Women, Bosni i Hercegovini. Ova posjeta je i prilika za podr\u0161ku dr\u017eavnim vlastima pri unapre\u0111enjima u oblasti rodne ravnopravnosti.<\/p>\n<p>Posjeta Phumzile Mlambo-Ngcuka lansira i globalnu UN Women kampanju \u201dGeneration Equality\u201c (Generacija Ravnopravnost), posve\u0107enu obilje\u017eavanju 25. godi\u0161njice Pekin\u0161ke platforme za akciju u 2020. godini, koja se smatra najbitnijim dokumentom za prava \u017eena.<\/p>\n<p>Globalna konvencija partnera UN Fonda za borbu protiv nasilja nad \u017eenama okuplja vi\u0161e od 100 u\u010desnika\/ca iz \u010ditavog svijeta, uklju\u010duju\u0107i i regiju Jugoisto\u010dne Evrope, koji\/e \u0107e razgovarati o radu u oblasti eliminacije nasilja nad \u017eenama.<\/p>\n<p>Fond je u posljednje 22 godine podr\u017eao 517 organizacija sa 149 miliona dolara u 139 zemlje i teritorije, te je samo tokom protekle godine svojim radom obuhvatio vi\u0161e od osam miliona ljudi.<\/p>\n<p>\u017deljko Kom\u0161i\u0107, predsjedavaju\u0107i Predsjedni\u0161tva Bosne i Hercegovine u izjavi za medije kazao je kako institucije \u0107e ispuniti svoj dio posla i donijeti zakone, ali je pitanje kako se to reflektuje i ispunjava u dru\u0161tvu.<br \/>\nPojasnio je kako po zakonu sve propisano da mo\u017eda zadovoljava najvi\u0161e evropske standarde, ali je problem u realizaciji.<\/p>\n<p>\u201dMnogi faktori uti\u010du na to. Pitanje je koliko je dru\u0161tvo demokratsko, pitanje uloge institucija, javnog mnijenja, vjerskih zajednica\u2026 Problem nije jednostavan. Po nekim istra\u017eivanjima, koja su ra\u0111ena u BiH, skoro 50 posto \u017eena se suo\u010dilo s nekim vidom nasilja ili u porodici, ili u svom djelovanju, a da ne govorim \u010dak i o onim ratnim iskustvima, kada su ti ratni zlo\u010dini i nasilje nad \u017eenama kori\u0161teni \u010dak za ostvarenje ratnih ciljeva\u201d, rekao je Kom\u0161i\u0107.<\/p>\n<p>U uvodnom obra\u0107anju na Konvenciji rekao je da je nasilje nad \u017eenama jedan od goru\u0107ih problema. Podsjetio je na podatke institucija u BiH koja pokazuju da vi\u0161e od 50 posto \u017eena od 15 godine<\/p>\n<p>\u201dNasilje nad \u017eenama i djevoj\u010dicama nije i ne smije biti problem pojedinaca\u201d, poru\u010dio je Kom\u0161i\u0107.<\/p>\n<p>Dodao je kako su pojedinci kao dijelovi dru\u0161tva odgovorni da prepoznaju karakteristika i oblika nasilja koja se de\u0161avaju oko nas.<\/p>\n<p>\u201dDu\u017eni smo svojim djelovanjem pru\u017eiti podr\u0161ku zlostavljanim \u017eenama i djevoj\u010dicama te aktivno raditi na stvaranju preduslova za spre\u010davanje tog istog zlostavljanja\u201c, rekao je Kom\u0161i\u0107.<\/p>\n<p>Dodao je kako \u0107emo pru\u017eanjem nesebi\u010dne podr\u0161ke ohrabriti \u017ertve nasilja da nasilje prijave nadle\u017enim institucijama, a zlostavlja\u010dima poslati jasnu poruku da \u0107e biti ka\u017enjeni.<\/p>\n<p>\u201dBilo koji oblik nasilja nad \u017eenama i djevoj\u010dicama kr\u0161enje je osnovnih ljudskih prava i ono ne ugro\u017eava samo \u017ertve, nego ostavlja nesagledive posljedice na okru\u017eenje u kojem \u017ertva \u017eivi i posljedice na njoj bliske osobe\u201d, rekao je Kom\u0161i\u0107.<\/p>\n<p>Dodao je kako smo, kao dio civiliziranog dru\u0161tva, du\u017eni sprije\u010diti nasilje te javno govoriti o problemu nasilja nad \u017eenama te biti podr\u0161ka institucijama koje poduzimaju korake nad njegovim suzbijanjem.<\/p>\n<p>Naglasio je kako je u proteklom periodu BiH poduzela niz koraka ka ostvarenju zna\u010dajnog napretka u stvaranju preduslova za spre\u010davanje nasilja nad \u017eenama.<\/p>\n<p>Phumzile Mlambo-Ngcuka, generalna podsekretarka Ujedinjenih nacija i izvr\u0161na direktorica UN Women kazala je jedino kada svi akteri rade zajedno, uklju\u010duju\u0107i civilno dru\u0161tvo i vlast, mo\u017eemo o\u010dekivati okon\u010danje nasilja nad \u017eenama i djevoj\u010dicama.<\/p>\n<p>Dodala je kako moramo zajedni\u010dki raditi jer je to korak naprijed.<\/p>\n<p>Podsjetila je na to da za brojne \u017eene na svijetu suo\u010davaju s nasiljem.<\/p>\n","protected":false},"excerpt":{"rendered":"<p>Bilo koji oblik nasilja nad \u017eenama i djevoj\u010dicama kr\u0161enje je osnovnih ljudskih prava i ono ne ugro\u017eava samo \u017ertve, nego ostavlja nesagledive posljedice na okru\u017eenje u kojem \u017ertva \u017eivi, re\u010deno je u Sarajevu na otvorenju Globalne konvencije partnera UN Fonda za borbu protiv nasilja nad \u017eenama, jedinog globalnog mehanizma za dodjeljivanje sredstava namijenjenih eliminaciji svih [&hellip;]<\/p>\n","protected":false},"author":59,"featured_media":14766,"comment_status":"open","ping_status":"closed","sticky":false,"template":"","format":"standard","meta":{"inline_featured_image":false,"footnotes":""},"categories":[37],"tags":[],"class_list":{"0":"post-14764","1":"post","2":"type-post","3":"status-publish","4":"format-standard","5":"has-post-thumbnail","7":"category-vijesti"},"acf":[],"_links":{"self":[{"href":"https:\/\/tvsensor.com\/api\/wp\/v2\/posts\/14764","targetHints":{"allow":["GET"]}}],"collection":[{"href":"https:\/\/tvsensor.com\/api\/wp\/v2\/posts"}],"about":[{"href":"https:\/\/tvsensor.com\/api\/wp\/v2\/types\/post"}],"author":[{"embeddable":true,"href":"https:\/\/tvsensor.com\/api\/wp\/v2\/users\/59"}],"replies":[{"embeddable":true,"href":"https:\/\/tvsensor.com\/api\/wp\/v2\/comments?post=14764"}],"version-history":[{"count":1,"href":"https:\/\/tvsensor.com\/api\/wp\/v2\/posts\/14764\/revisions"}],"predecessor-version":[{"id":14769,"href":"https:\/\/tvsensor.com\/api\/wp\/v2\/posts\/14764\/revisions\/14769"}],"wp:featuredmedia":[{"embeddable":true,"href":"https:\/\/tvsensor.com\/api\/wp\/v2\/media\/14766"}],"wp:attachment":[{"href":"https:\/\/tvsensor.com\/api\/wp\/v2\/media?parent=14764"}],"wp:term":[{"taxonomy":"category","embeddable":true,"href":"https:\/\/tvsensor.com\/api\/wp\/v2\/categories?post=14764"},{"taxonomy":"post_tag","embeddable":true,"href":"https:\/\/tvsensor.com\/api\/wp\/v2\/tags?post=14764"}],"curies":[{"name":"wp","href":"https:\/\/api.w.org\/{rel}","templated":true}]}}