{"id":14757,"date":"2019-11-03T17:29:31","date_gmt":"2019-11-03T17:29:31","guid":{"rendered":"https:\/\/senzor.ba\/?p=14757"},"modified":"2024-01-15T21:44:29","modified_gmt":"2024-01-15T20:44:29","slug":"projekat-bosanaca-pensilvanije-genocid-pravda-i-nada","status":"publish","type":"post","link":"https:\/\/tvsensor.com\/clanak\/projekat-bosanaca-pensilvanije-genocid-pravda-i-nada\/","title":{"rendered":"Projekat Bosanaca Pensilvanije: Genocid, pravda i nada"},"content":{"rendered":"<p>Na Dickinson Collegeu, oktobra 26. 2019., u gradu Carlisle, Centralna Pensilvanija, se odr\u017eao veoma poseban program pod nazivom \u201cGenocid, Pravda i Nada.\u201c<\/p>\n<p>Koled\u017eanski Auditorium &#8220;Anita Tuvin Schlechter&#8221; sa svojim punim kapacitetom od 850 mjesta je bio ispunjen do posljednjeg mjesta, visokim zvanicama ameri\u010dkog dru\u0161tva: od politi\u010dkih predstavnika, vjerskih lidera, studenata, u\u010denika srednjih \u0161kola, kom\u0161ija, te Bo\u0161njaka iz vi\u0161e d\u017eemata sjevernoisto\u010dne obale SAD-a.<\/p>\n<p>Projekat \u201eGenocide, Justice and Hope\u201c je imao za cilj da kroz prikazivanje dokumentarnog filma visoke projekcije BBC\/PBC Frontline-a, sa petogodi\u0161njeg su\u0111enja zlo\u010dincu Ratku Mladi\u0107u, predstavi javnosti patnju i torture kroz koju su Bo\u0161njaci koji su dospjeli na podru\u010dje Centralne Pensilvanije pro\u0161li. Nekoliko pre\u017eivjelih \u017ertava je podijelilo svoje ratne pri\u010de koje su dodatno probudile emocije kod svih prisutnih.<\/p>\n<div class=\"article hasRelatedCard hasRelatedImg hasRelatedCardBody hasRelatedHeader\">\n<div class=\"card\"><\/div>\n<\/div>\n<p>Pri ulazu u koled\u017eanski auditorium, svima koji su do\u0161li na program uru\u010den je \u201cCvijet Srebrenice\u201c simbol koji je upe\u010datljiv danas u svijetu, \u010diju je va\u017enost u svom obra\u0107anju objasnio specijalni gost, uva\u017eeni muftija dr. Sabahudin ef. \u0106eman.<\/p>\n<p>Na programu su se obratili i organizatori projekta lokalni imami, mr. D\u017eemal ef. Crnki\u0107, imam d\u017eemata BiH Islamic Center of PA, i Zinaid ef. Grani\u0107, imam d\u017eemata Bosniaks Islamic Cultural Center Carlisle.<\/p>\n<div class=\"Article-centralEmbed\">\n<div class=\"Article-imageEmbed\"><img decoding=\"async\" src=\"https:\/\/mbapi.oslobodjenje.ba\/storage\/images\/a19f\/5801\/4321\/75246822_3144116508992421_6544666166302867456_n.jpg\" alt=\"image\" \/><\/div>\n<div class=\"Article-imageSource\">D\u017eemal ef. se zahvalio svim gostima isti\u010du\u0107i va\u017enost razumijevanja pro\u0161losti, i potrebe za o\u010duvanjem kulture pam\u0107enja na agresiju i genocid te stalnim kultiviranjem mira i harmonije, dok je Zinaid ef. naglasio da je ovaj projekat ujedinio srca svih onih koji iskreno \u017eele da saznaju pravu istinu, i da je veoma va\u017eno raditi na projektima ovakve vrste, jer su oni najbolji primjer da na jedan planiran na\u010din, uz aktivno djelovanje se mo\u017ee predstaviti sve ono \u0161to se doga\u0111alo u ratnim godinama u Bosni i Hercegovini.<\/div>\n<\/div>\n<p>Ve\u010der je zavr\u0161ena predstavljanjem bosanske kulture i tradicije uz bosanske specijalitete koje su pripremili vrijedne d\u017eematlije dva lokalna bosnja\u010dka d\u017eemata uz znak zahvale Ameri\u010dkom narodu, za toplo prihva\u0107anje tokom naseljavanja Bo\u0161njaka na ovim prostorima.<\/p>\n<div class=\"article hasRelatedCard hasRelatedImg hasRelatedCardBody hasRelatedHeader\">\n<div class=\"card\"><\/div>\n<\/div>\n<p>Cijeli projekat i program je pro\u0161ao kroz intezivne pripreme koje su trajale oko \u0161est mjeseci, sa razli\u010ditim zadacima, sastancima koje su urodile plodom i zajedni\u010dkim ciljem. Jedan od glavnih inicijatora programa je Dermot Groome, tu\u017eitelj koji je vodio slu\u010daj Mladi\u0107a, a dana\u0161nji profesor na Penn State Univerzitetu, odsjek Pravo (Penn State Law School). Profesor Groome je \u017eelio da se sazna istina i predstavi narodu jasna slika svega onoga kroz \u0161ta je bo\u0161nja\u010dki narod pro\u0161ao. U organizacionom timu su bili uklju\u010dene sljede\u0107e institucije; Penn State Dickinson Law, Dickinson College, lokalna dva d\u017eemata B&amp;H Islamic Cultural Center of Pennsylvania i Bosniaks Islamic Cultural Center Carlisle, Second Presbyterian Church i Army Heritage Center Foundation.<\/p>\n<p>Va\u017enost poznavanja nas samih i upoznavanje kom\u0161ija koji nisu porijeklom iz Bosne i Hercegovine, jeste na\u0161a borba za istinom. Svaki projekat koji promovi\u0161e sje\u0107anje na stradanja nedu\u017enih osoba u Bosni i Hercegovini za vrijeme rata i genocid u Srebrenici je va\u017ean, u cilju \u010duvanja kulture sje\u0107anja.<\/p>\n<p>MojaBiH<\/p>\n","protected":false},"excerpt":{"rendered":"<p>Na Dickinson Collegeu, oktobra 26. 2019., u gradu Carlisle, Centralna Pensilvanija, se odr\u017eao veoma poseban program pod nazivom \u201cGenocid, Pravda i Nada.\u201c Koled\u017eanski Auditorium &#8220;Anita Tuvin Schlechter&#8221; sa svojim punim kapacitetom od 850 mjesta je bio ispunjen do posljednjeg mjesta, visokim zvanicama ameri\u010dkog dru\u0161tva: od politi\u010dkih predstavnika, vjerskih lidera, studenata, u\u010denika srednjih \u0161kola, kom\u0161ija, te [&hellip;]<\/p>\n","protected":false},"author":59,"featured_media":14758,"comment_status":"open","ping_status":"closed","sticky":false,"template":"","format":"standard","meta":{"inline_featured_image":false,"footnotes":""},"categories":[39],"tags":[],"class_list":{"0":"post-14757","1":"post","2":"type-post","3":"status-publish","4":"format-standard","5":"has-post-thumbnail","7":"category-dijaspora"},"acf":[],"_links":{"self":[{"href":"https:\/\/tvsensor.com\/api\/wp\/v2\/posts\/14757","targetHints":{"allow":["GET"]}}],"collection":[{"href":"https:\/\/tvsensor.com\/api\/wp\/v2\/posts"}],"about":[{"href":"https:\/\/tvsensor.com\/api\/wp\/v2\/types\/post"}],"author":[{"embeddable":true,"href":"https:\/\/tvsensor.com\/api\/wp\/v2\/users\/59"}],"replies":[{"embeddable":true,"href":"https:\/\/tvsensor.com\/api\/wp\/v2\/comments?post=14757"}],"version-history":[{"count":1,"href":"https:\/\/tvsensor.com\/api\/wp\/v2\/posts\/14757\/revisions"}],"predecessor-version":[{"id":14759,"href":"https:\/\/tvsensor.com\/api\/wp\/v2\/posts\/14757\/revisions\/14759"}],"wp:featuredmedia":[{"embeddable":true,"href":"https:\/\/tvsensor.com\/api\/wp\/v2\/media\/14758"}],"wp:attachment":[{"href":"https:\/\/tvsensor.com\/api\/wp\/v2\/media?parent=14757"}],"wp:term":[{"taxonomy":"category","embeddable":true,"href":"https:\/\/tvsensor.com\/api\/wp\/v2\/categories?post=14757"},{"taxonomy":"post_tag","embeddable":true,"href":"https:\/\/tvsensor.com\/api\/wp\/v2\/tags?post=14757"}],"curies":[{"name":"wp","href":"https:\/\/api.w.org\/{rel}","templated":true}]}}