{"id":14754,"date":"2019-11-03T17:23:31","date_gmt":"2019-11-03T17:23:31","guid":{"rendered":"https:\/\/senzor.ba\/?p=14754"},"modified":"2024-01-15T21:44:29","modified_gmt":"2024-01-15T20:44:29","slug":"akademski-slikar-iz-brckog-za-bosnu-punu-ljubavi-topline-i-tolerancije","status":"publish","type":"post","link":"https:\/\/tvsensor.com\/clanak\/akademski-slikar-iz-brckog-za-bosnu-punu-ljubavi-topline-i-tolerancije\/","title":{"rendered":"Akademski slikar iz Br\u010dkog: Za Bosnu punu ljubavi, topline i tolerancije"},"content":{"rendered":"<p>Samir Dervi\u0161evi\u0107, akademski slikar, po mnogima je jedan od najboljih i najperspektivnijih mladih umjetnika iz Bosne i Hercegovine u dijaspori. Njegove slike su tragovi domovine kojoj se nekoliko puta vra\u0107ao iz tu\u0111ih avlija i u kojoj nikad nije prestao vidjeti sebe, bosanskog \u010dovjeka i sve ono \u0161to \u010dini interesantnim njegov identitet. Izlo\u017ebe koje je do sada imao u glavnom gradu Baden-W\u00fcrttemberga i okolini (Wandelhalle Katharinenhospital &#8211; Stuttgart 2006, Praxa Enrico Thiele &#8211; Sillenbuch 2007, Kleine Galerie &#8211; Waiblingen 2008, GK BiH Stuttgart &#8211; 2010, Commerzbank, K\u00f6nigstrasse Stuttgart 2011) uvijek su bile pune pohvala. Kako obi\u010dnih ljubitelja likovne umjetnosti, tako i kriti\u010dara.<\/p>\n<p><em><strong>Odrastao u muzeju<\/strong><\/em><\/p>\n<p>&#8211; Ro\u0111en sam u Br\u010dkom gdje sam zavr\u0161io osnovnu i srednju \u0161kolu. Akademiju likovnih umjetnosti upisao sam 1991. godine u Sarajevu. Po\u010detkom rata boravim u Zagrebu odakle odlazim u Be\u010d, a potom u Stuttgart. Iz Stuttgarta se 1997. godine vra\u0107am u Sarajevo na Akademiju i zavr\u0161avam dvije godine studija. Nakon toga boravim u Stuttgartu, do 2013. godine, kada se ponovno vra\u0107am u Sarajevo i diplomiram 2015. godine. Danas \u017eivim u Weinstadtu sa svojom porodicom.<\/p>\n<div class=\"article hasRelatedCard hasRelatedImg hasRelatedCardBody hasRelatedHeader\">\n<div class=\"card\"><\/div>\n<\/div>\n<p><strong>Kad ste po\u010deli slikati i \u0161ta vas je opredijelilo da u\u0111ete u svijet umjetnosti?<\/strong><\/p>\n<p>&#8211; Odrastao sam u porodici u kojoj se umjetnost veoma voljela i cijenila. Moji roditelji bili su u posjedu vi\u0161e umjetni\u010dkih djela poznatih umjetnika, uglavnom iz Bosne i Hercegovine (Mevludin Ekme\u010di\u0107, Seid i Sead Hasanefendi\u0107, Aziz Isakovi\u0107, Mersad Berber, Miroslav Sutej i drugi). Stan u kojem sam odrastao izgledao je kao muzej i odisao je djelima ovih umjetnika. Redovne posjete muzejima i galerijama \u0161irom Bosne, otvaranje izlo\u017ebi, umjetni\u010dka djela i atmosfera koja vlada na takvim doga\u0111ajima, fascinirala me je svaki put iznova. Pored toga, prijateljstvo mojih roditelja sa gore navedenim umjetnicima i njihovo interesovanje za moje prve crte\u017ee, prenijelo je virus ljubavi za likovnu umjetnost koja i danas okupira va\u017eniji dio moga \u017eivota. Umjetnost je svijet za sebe. Naravno da publika, posmatra\u010d dolazi u dodir sa onim \u0161to umjetnik stvara i do\u017eivljava je na svoj na\u010din, ali ona ostaje da \u017eivi zatvorena u svom svijetu. Upravo taj svijet kreira sam umjetnik i on je njegov bijeg od stvarnosti ili naporne i dosadne ustaljene svakodnevnice.<\/p>\n<div class=\"Article-centralEmbed\">\n<div class=\"Article-imageEmbed\">\n<figure style=\"width: 800px\" class=\"wp-caption alignnone\"><img loading=\"lazy\" decoding=\"async\" src=\"https:\/\/mbapi.oslobodjenje.ba\/storage\/images\/2722\/9473\/4332\/1_Samir_D.jpg\" alt=\"image\" width=\"800\" height=\"450\" \/><figcaption class=\"wp-caption-text\">Samir Dervi\u0161evi\u0107<\/figcaption><\/figure>\n<\/div>\n<\/div>\n<p><strong>Ve\u0107ina va\u0161ih slika sadr\u017ei \u201eono malo du\u0161e&#8221;, pune su Bosne. Koliko ste vezani za domovinu?<\/strong><\/p>\n<p>&#8211; Tra\u017eenje tog svog svijeta ili stvaranje novog, proizvod je saznanja, emocija, podsvjesnog, pro\u017eivljenog i on uvijek te\u017ei realizaciji ili svom ostvarivanju. Umjetnik ga oblikuje u razli\u010ditim pravcima, ali uvijek je vo\u0111en linijom koja ga povezuje i spaja. Ve\u0107ina umjetnika traga za ne\u010dim. Ja tragam za Bosnom, za njenom toplinom, snagom, ljubavlju, tolerancijom i njenim duhom koji je \u010dini onakvom kako je ja do\u017eivljavam. Duh Bosne ili Sarajeva je, tako\u0111er, virus kojeg se niko ne uspijeva osloboditi. \u017divjeti u Sarajevu je druga\u010dije od onoga \u0161to sam do tada poznavao i vidio. Uske ulice na Kova\u010dima u kojima se lako mo\u017eete izgubiti i poneki pogled na Sarajevo izme\u0111u avlija, stari krovovi, \u010desme na svakom \u0107o\u0161ku, sudar osmanske i austrougarske kulture, prijatni ljudi i dim iz \u0107evabd\u017einica, posebno u zimskim danima, samo su vizuelni podra\u017eaj onoga \u0161to osje\u0107amo u Sarajevu, a ne znamo da opi\u0161emo, pa ga zovemo duhom Sarajeva. Na tragu tog duha kao alkemi\u010dar, istra\u017eiva\u010d koji putuje kroz vrijeme i prostor, ostavljam tragove, znakove, osje\u0107aje i misli koje \u0107e nekoga nekada mo\u017eda i detaljnije zainteresirati.<\/p>\n<div class=\"article hasRelatedCard hasRelatedImg hasRelatedCardBody hasRelatedHeader\">\n<div class=\"card\"><\/div>\n<\/div>\n<p><em><strong>Nedostaje nam domovina<\/strong><\/em><\/p>\n<p><strong>Dru\u017eite li se sa Bosancima u Njema\u010dkoj, kako su organizovani i koliko im nedostaje domovina?<\/strong><\/p>\n<p>&#8211; \u017divjeti u Njema\u010dkoj, a patiti i \u017ealiti za domovinom, nije jednostavno. Tu bol osje\u0107aju vjerovatno svi koji su rasuti po cijelom svijetu. Ve\u0107ina nas koji smo napustili Bosnu nismo to u\u010dinili iz \u017eelje za Njema\u010dkom, Kanadom, Austrijom, Amerikom, nego iz sigurnosnih iIi egzistencijalnih razloga i ta odluka je kod ve\u0107ine, vjerovatno, bila te\u0161ka. Dru\u017eenje s prijateljima iz Bosne je svakako jedna od najradosnijih stvari koju \u010dinimo i jedna od svijetlih ta\u010daka koju s nestrpljenjem svaki put i\u0161\u010dekujemo. Ti susreti nam daju snagu, radost, hrabrost i vjerovatno jedan od va\u017enijih razloga za\u0161to smo jo\u0161 tu gdje jesmo. Razgovori po\u010dinju i zavr\u0161avaju o Bosni, o tome kako bi bilo kad bi bilo, za\u0161to ne ide br\u017ee ili ovako, za\u0161to ne mo\u017ee itd. Naravno da svima nedostaje domovina i da bi svi najradije \u017eivjeli u Bosni, ali izgleda da na\u0161i abonentni vlastodr\u0161ci nisu istog mi\u0161ljenja. Odmori se ve\u0107inom provode u Bosni, pa se ovdje prepri\u010davaju.<\/p>\n<div class=\"Article-centralEmbed\">\n<div class=\"Article-imageEmbed\">\n<figure style=\"width: 800px\" class=\"wp-caption alignnone\"><img loading=\"lazy\" decoding=\"async\" src=\"https:\/\/mbapi.oslobodjenje.ba\/storage\/images\/2722\/9473\/4334\/3_Detalj_Samirove_radne_atmosfere.jpg\" alt=\"image\" width=\"800\" height=\"600\" \/><figcaption class=\"wp-caption-text\">Dio Samirove radne idile<\/figcaption><\/figure>\n<\/div>\n<\/div>\n<p><strong>Koji su va\u0161i planovi na polju umjetnosti i \u0161ta biste \u017eeljeli posti\u0107i, a to do sada niste?<\/strong><\/p>\n<p>&#8211; Moje \u017eelje su uvijek iste. Pored zdravlja bez kojeg ni\u0161ta ne vrijedi, \u017eelim da jednog dana \u017eivim isklju\u010divo od umjetnosti. Mo\u017eda u Sarajevu.<\/p>\n<div class=\"article hasRelatedCard hasRelatedImg hasRelatedCardBody hasRelatedHeader\">\n<div class=\"card\"><\/div>\n<\/div>\n<p><strong>Mo\u017ee li umjetnost ovaj surovi svijet u\u010diniti boljim?<\/strong><\/p>\n<p>&#8211; Umjetnost mo\u017ee da ukazuje na neke promjene, na gre\u0161ke, nepravdu ili ljubav koju bi dijelila, i drugi pogled na svijet, ili obi\u010dne stvari koje nas vode u razmi\u0161ljanje i uvla\u010de nas u neku drugu dimenziju iz koje izlazimo oboga\u0107eni i sa pro\u0161irenim vidicima. Ona to i \u010dini, ali da li je to dovoljno, to ne znam. Postoje instrumenti koji su puno sna\u017eniji, na\u017ealost. Konkretno, u slu\u010daju Bosne, ovo je pitanje veoma bitno, jer bez umjetnosti ne\u0107emo uspjeti da se oslobodimo negativnog imid\u017ea koji nosimo, a ni napredak nije mogu\u0107 bez prepoznatljive i karakteristi\u010dne umjetnosti koju moramo konstantno proizvoditi. TV programi koji zaglupljuju i zastra\u0161uju narod (Reality Show, Turbo Folk, inscenirane politi\u010dke katastrofe itd.), smi\u0161ljeni su, nisu slu\u010dajni i na njih umjetnost mora i daje odgovor. Smatram da umjetnost u Bosni i Hercegovini, uprkos te\u0161kim uslovima (zatvaranje muzeja, galerija, ga\u0161enje pozori\u0161ta, nefinansiranje umjetni\u010dkih projekata, raznih blokada itd.) pre\u017eivljava i pokre\u0107e stvari, daje neku nadu za koju se na kraju ipak svi moramo boriti. Bez obzira na to \u010dime se bavimo. Li\u010dno vjerujem u zdravu, gra\u0111ansku dr\u017eavu Bosnu i Hercegovinu koja je na putu da se izgradi.<\/p>\n<p>MojaBiH<\/p>\n","protected":false},"excerpt":{"rendered":"<p>Samir Dervi\u0161evi\u0107, akademski slikar, po mnogima je jedan od najboljih i najperspektivnijih mladih umjetnika iz Bosne i Hercegovine u dijaspori. Njegove slike su tragovi domovine kojoj se nekoliko puta vra\u0107ao iz tu\u0111ih avlija i u kojoj nikad nije prestao vidjeti sebe, bosanskog \u010dovjeka i sve ono \u0161to \u010dini interesantnim njegov identitet. Izlo\u017ebe koje je do [&hellip;]<\/p>\n","protected":false},"author":59,"featured_media":14755,"comment_status":"open","ping_status":"closed","sticky":false,"template":"","format":"standard","meta":{"inline_featured_image":false,"footnotes":""},"categories":[46],"tags":[],"class_list":{"0":"post-14754","1":"post","2":"type-post","3":"status-publish","4":"format-standard","5":"has-post-thumbnail","7":"category-kultura"},"acf":[],"_links":{"self":[{"href":"https:\/\/tvsensor.com\/api\/wp\/v2\/posts\/14754","targetHints":{"allow":["GET"]}}],"collection":[{"href":"https:\/\/tvsensor.com\/api\/wp\/v2\/posts"}],"about":[{"href":"https:\/\/tvsensor.com\/api\/wp\/v2\/types\/post"}],"author":[{"embeddable":true,"href":"https:\/\/tvsensor.com\/api\/wp\/v2\/users\/59"}],"replies":[{"embeddable":true,"href":"https:\/\/tvsensor.com\/api\/wp\/v2\/comments?post=14754"}],"version-history":[{"count":1,"href":"https:\/\/tvsensor.com\/api\/wp\/v2\/posts\/14754\/revisions"}],"predecessor-version":[{"id":14756,"href":"https:\/\/tvsensor.com\/api\/wp\/v2\/posts\/14754\/revisions\/14756"}],"wp:featuredmedia":[{"embeddable":true,"href":"https:\/\/tvsensor.com\/api\/wp\/v2\/media\/14755"}],"wp:attachment":[{"href":"https:\/\/tvsensor.com\/api\/wp\/v2\/media?parent=14754"}],"wp:term":[{"taxonomy":"category","embeddable":true,"href":"https:\/\/tvsensor.com\/api\/wp\/v2\/categories?post=14754"},{"taxonomy":"post_tag","embeddable":true,"href":"https:\/\/tvsensor.com\/api\/wp\/v2\/tags?post=14754"}],"curies":[{"name":"wp","href":"https:\/\/api.w.org\/{rel}","templated":true}]}}