{"id":14748,"date":"2019-11-03T16:51:44","date_gmt":"2019-11-03T16:51:44","guid":{"rendered":"https:\/\/senzor.ba\/?p=14748"},"modified":"2024-01-15T21:44:29","modified_gmt":"2024-01-15T20:44:29","slug":"lose-trziste-smanjuje-uzgoj-autohtone-vlasicke-pramenke","status":"publish","type":"post","link":"https:\/\/tvsensor.com\/clanak\/lose-trziste-smanjuje-uzgoj-autohtone-vlasicke-pramenke\/","title":{"rendered":"Lo\u0161e tr\u017ei\u0161te smanjuje uzgoj autohtone vla\u0161i\u0107ke pramenke"},"content":{"rendered":"<p>Zbog lo\u0161eg stanja na tr\u017ei\u0161tu, sve je manje ljudi koji se bave uzgojem vla\u0161i\u0107ke pramenke, soja autohtone vrste ovaca, ka\u017ee \u017deljko Mari\u0107 iz Imljana kod Kne\u017eeva, koji je i predsjednik Udr\u017eenja ov\u010dara u ovoj op\u0161tini.<\/p>\n<p>Sa stricem Brankom Mari\u0107em, \u017deljko je u ponedjeljak potjerao stado iz Imljana, a u \u010detvrtak nave\u010de su stigli do op\u0161tine Stanari.<\/p>\n<p>&#8220;Tr\u017ei\u0161te je nikakvo, od toga \u017eivim, prodaja slabo ide i \u0161to se proda ne mo\u017ee se naplatiti&#8221;, ispri\u010dao je \u017deljko Mari\u0107 ekipi Anadolu Agency (AA) u selu Ljeb gdje su njegove ovce odmarale na pa\u0161njaku nakon napornog puta u prethodnim danima.<\/p>\n<p>Zbog predstoje\u0107e zime, njih dvojica \u0107e narednih \u0161est i po mjeseci provesti na otvorenom, uz stado. Do 15. maja, odnosno dok ne stignu ku\u0107i, kreta\u0107e se pa\u0161njacima na podru\u010dju op\u0161tina Stanari, Derventa, Prnjavor i Kotor Varo\u0161.<\/p>\n<p>Mari\u0107 ka\u017ee da ima preko 700 ovaca, ne navode\u0107i konkretan broj jer se &#8220;ta\u010dno i ne govori&#8221;, a uz stado je i devet magaraca i \u0161est pasa. Dubska, travni\u010dka ili vla\u0161i\u0107ka pramenka, smatra se najotpornijim sojem bosanske pramenke, naro\u010dito za ovo podru\u010dje.<\/p>\n<p>&#8220;Po\u0161to mi nemamo gore uslova da mo\u017eemo zimovati i hraniti ih, najotpornija je na zimu i studen&#8221;, pri\u010da Mari\u0107.<\/p>\n<p>Smatra se da je ovu rasu ovaca vrlo lako uzgajati, jer je izuzetno malo zahtjevna u pogledu uslova dr\u017eanja i hranjenja, sposobna je da do maksimuma iskoristi lo\u0161e pa\u0161ne resurse, a ujedno je i izuzetno otporna na bolesti. Vla\u0161i\u0107ka pramenka se koristi za proizvodnju mlijeka, mesa i vune, od mlijeka se proizvodi poznati vla\u0161i\u0107ki sir, a jagnjad su \u010duvena zbog izuzetno kvalitetnog mesa.<\/p>\n<p>Kne\u017eevi\u0107 ka\u017ee da ov\u010dari na ovom podru\u010dju koriste samo jedno jagnjivo godi\u0161nje, jer ovce muzu radi proizvodnje sira, kojeg je i lak\u0161e prodati.<\/p>\n<p>&#8220;Za sir je bolja sad cijena i potra\u017enja, po 4,5 KM su janjci \u017eive vage, piletine \u0161est KM, pa se ti sad uklopi&#8221;, pri\u010da on.<\/p>\n<p>Vunu je, prema njegovim rije\u010dima, sada gotovo nemogu\u0107e prodati, a samo on mo\u017ee napuniti tri kamiona s vunom koju je do sada skupio. Jedno vrijeme Mari\u0107ev kolega iz Bugojna otkupljivao je vunu koju je prodavao u Republici Turskoj, ali i to je stalo.<\/p>\n<p>Kod ku\u0107e Mari\u0107 ima i 20 krava, a na pitanje koliko ima zemlji\u0161ta odgovara da zemlje ima ko ho\u0107e raditi jer sva je pusta. O blagu kod ku\u0107e brinu se \u017deljkova supruga, majka, tetka i brat, zahvaljuju\u0107i kojem \u017deljko ponekad i ode ku\u0107i na dva dana kako bi se bar malo odmorio.<\/p>\n<p>&#8220;Mora\u0161 biti kod ovoga uvijek, kod ovoga si odgovoran, kao da si oti\u0161ao u vojsku, pa da slu\u017ei\u0161 vojni rok i kod ovce mora\u0161 biti uvijek. Sad ide janjivo, hranu smo obezbijedili kad se po\u010dne janjiti. Najgori je problem \u0161to nema \u010dobana, ne mo\u017ee\u0161 nikoga ni na\u0107i&#8221;, pri\u010da on.<\/p>\n<p>Za \u010duvanje ovakvog stada potrebna su bar \u010detiri \u010dobanina, ali zbog trenutne situacije, \u017deljko ih \u010duva sam, sa stricem.<\/p>\n<p>&#8220;Ne\u0107e niko da radi, voli svako sjediti u toploj ku\u0107i&#8221;, ka\u017ee on.<\/p>\n<p>Komentari\u0161u\u0107i \u010deste polemike oko zarada koje mogu ostvariti \u010dobani koji se odlu\u010de da zimu provedu \u010duvaju\u0107i ne\u010dije stado, \u017deljko omahuje rukom govore\u0107i: &#8220;Da \u010dobani zara\u0111uju to bi svako dr\u017eao&#8221;.<\/p>\n<p>Pojasnio je da na Manja\u010di i oko Travnika ima vi\u0161e ljudi koji uzgajaju ovce, a na podru\u010dju op\u0161tine Kne\u017eevo ostalo ih je tek desetak.<\/p>\n<p>&#8220;Nekad je u Imljanima 20 d\u017eelepa (stada) kretalo sa po \u010detiri \u010dovjeka, pa to je i po 100 ljudi kretalo, a sada je samo nas deset ljudi krenulo s podru\u010dja op\u0161tine Kne\u017eevo&#8221;, ka\u017ee on i dodaje da je do toga do\u0161lo jer nemaju gdje prodati svoje proizvode.<\/p>\n<p>Nomadski \u017eivot je, prema \u017deljkovim rije\u010dima, nikakav jer valja trpiti ki\u0161u, vjetar i snijeg, postavljati \u0161ator, lo\u017eiti vatru, spremati hranu i uz to voditi ra\u010duna o svim \u017eivotinjama. Najve\u0107a pomo\u0107 \u010dobanima su psi.<\/p>\n<p>&#8220;Oni poma\u017eu nama, kada nai\u0111emo kraj zijana, kraj p\u0161enice, kukuruza oni poma\u017eu, jedni idu pozadi ne daju ostati. Na primjer, ako se zapetlja on ne\u0107e ostaviti ovce dok se ne vrati\u0161 pa ne otpetlja\u0161. Zarasla je zemlja, pa ona se zapetlja u kupinu, ove ostruge i mora\u0161 se vratiti i otpetljati, a oni ne bi ostavili ovce&#8221;, pri\u010da \u017deljko i dodaje da za osloba\u0111anje zarobljenih ovaca \u010dobani koriste \u0161tap s metalnom kukom.<\/p>\n<p>Odgovorni \u010dobani vode ra\u010duna da ovce ne naprave \u0161tetu na usjevima, a \u017deljko Mari\u0107 na ovim podru\u010djima zimuje ve\u0107 15 godina. Ka\u017ee da nema nikakvih problema s lokalnim stanovni\u0161tvom, mnoge od njih dobro poznaje, a ako ovce slu\u010dajno naprave \u0161tetu Mari\u0107 se odmah dogovara s vlasnicima i nadokna\u0111uje uni\u0161teno.<\/p>\n<p>Na pitanje za\u0161to njegove ovce nisu bijele, objasnio je da su ofarbane i da \u0107e crno-siva boja izblijediti u narednih sedam mjeseci, do \u0161i\u0161anja.<\/p>\n<p>&#8220;To smo mi farbali, to sve ve\u0107inom sad ljudi farbaju, malo kao do\u0111u ljep\u0161e, ukrasnije, kao kada se \u017eena ofarba ili ne ofarba, jedna crna pa bude plava&#8221;, kroz smijeh obja\u0161njava \u017deljko Mari\u0107.<\/p>\n","protected":false},"excerpt":{"rendered":"<p>Zbog lo\u0161eg stanja na tr\u017ei\u0161tu, sve je manje ljudi koji se bave uzgojem vla\u0161i\u0107ke pramenke, soja autohtone vrste ovaca, ka\u017ee \u017deljko Mari\u0107 iz Imljana kod Kne\u017eeva, koji je i predsjednik Udr\u017eenja ov\u010dara u ovoj op\u0161tini. Sa stricem Brankom Mari\u0107em, \u017deljko je u ponedjeljak potjerao stado iz Imljana, a u \u010detvrtak nave\u010de su stigli do op\u0161tine [&hellip;]<\/p>\n","protected":false},"author":59,"featured_media":14750,"comment_status":"open","ping_status":"closed","sticky":false,"template":"","format":"standard","meta":{"inline_featured_image":false,"footnotes":""},"categories":[44],"tags":[],"class_list":{"0":"post-14748","1":"post","2":"type-post","3":"status-publish","4":"format-standard","5":"has-post-thumbnail","7":"category-poljoprivreda"},"acf":[],"_links":{"self":[{"href":"https:\/\/tvsensor.com\/api\/wp\/v2\/posts\/14748","targetHints":{"allow":["GET"]}}],"collection":[{"href":"https:\/\/tvsensor.com\/api\/wp\/v2\/posts"}],"about":[{"href":"https:\/\/tvsensor.com\/api\/wp\/v2\/types\/post"}],"author":[{"embeddable":true,"href":"https:\/\/tvsensor.com\/api\/wp\/v2\/users\/59"}],"replies":[{"embeddable":true,"href":"https:\/\/tvsensor.com\/api\/wp\/v2\/comments?post=14748"}],"version-history":[{"count":1,"href":"https:\/\/tvsensor.com\/api\/wp\/v2\/posts\/14748\/revisions"}],"predecessor-version":[{"id":14751,"href":"https:\/\/tvsensor.com\/api\/wp\/v2\/posts\/14748\/revisions\/14751"}],"wp:featuredmedia":[{"embeddable":true,"href":"https:\/\/tvsensor.com\/api\/wp\/v2\/media\/14750"}],"wp:attachment":[{"href":"https:\/\/tvsensor.com\/api\/wp\/v2\/media?parent=14748"}],"wp:term":[{"taxonomy":"category","embeddable":true,"href":"https:\/\/tvsensor.com\/api\/wp\/v2\/categories?post=14748"},{"taxonomy":"post_tag","embeddable":true,"href":"https:\/\/tvsensor.com\/api\/wp\/v2\/tags?post=14748"}],"curies":[{"name":"wp","href":"https:\/\/api.w.org\/{rel}","templated":true}]}}