{"id":14745,"date":"2019-11-03T16:48:57","date_gmt":"2019-11-03T16:48:57","guid":{"rendered":"https:\/\/senzor.ba\/?p=14745"},"modified":"2024-01-15T21:44:29","modified_gmt":"2024-01-15T20:44:29","slug":"dodik-zaboravlja-odredbu-o-dodatnim-nadleznostima-institucija-bih","status":"publish","type":"post","link":"https:\/\/tvsensor.com\/clanak\/dodik-zaboravlja-odredbu-o-dodatnim-nadleznostima-institucija-bih\/","title":{"rendered":"Dodik &#8216;zaboravlja&#8217; odredbu o dodatnim nadle\u017enostima institucija BiH"},"content":{"rendered":"<p>Forum bo\u0161nja\u010dkih intelektualaca odr\u017eao je danas konferenciju za novinare pod nazivom &#8220;Dodatne nadle\u017enosti institucija dr\u017eave BiH su slovo Dejtona&#8221;, povodom najave \u010dlana Predsjedni\u0161tva BiH Milorada Dodika da \u0107e na posebnoj sjednici Narodne skup\u0161tine Republike Srpske biti predlo\u017eeno odbacivanje bonskih ovlasti visokog predsjednika.<\/p>\n<p>Akademik prof.dr. Suad Kurt\u0107ehaji\u0107 je naglasio da na taj na\u010din Dodik \u017eeli entitetima vratiti nadle\u017enosti koje su visoki predstavnici prenijeli na dr\u017eavni nivo.<\/p>\n<p>Kurt\u0107ehaji\u0107 je rekao da Dodik ponavlja da je za izvorni Dejtonski sporazum i da prihvata BiH utemeljnu slovom Dejtona, ali da je za njega neprihvatljivo ono \u0161to su uradili visoki predstavnici, koji su, po njegovom mi\u0161ljenju, &#8220;oteli entitetske nadle\u017enosti i prebacili ih na nivo dr\u017eave BiH&#8221;. Navodi da se Dodik pona\u0161a kao da odredba o dodatnim nadle\u017enostima uop\u0161te ne postoji.<\/p>\n<p>&#8220;Dodik se pona\u0161a kao da odredba o dodatnim nadle\u017enostima uop\u0161te ne postoji, a na \u017ealost nijedan na\u0161 politi\u010dar na nju mu nije ukazao. Najva\u017eniji dio odredbe o dodatnim nadle\u017enostima jeste da \u0107e BiH preuzeti nadle\u017enosti koje su potrebne da se o\u010duva suverenitet, teritorijalni integritet, politi\u010dka nezavisnost i me\u0111unarodni subjektivitet BiH. Odgovor na pitanje koje su to nadle\u017enosti mo\u017ee dati samo visoki predstavnik koji je kona\u010dni tuma\u010d civilnog dijela Dejtonskog sporazuma&#8221;, precizirao je Kurt\u0107ehaji\u0107.<\/p>\n<p>Dodaje da shodno tome visoki predstavnik bi mogao prenijeti na dr\u017eavnu razinu policiju, obrazovanje, zdravstvo, nauku, kulturu, sport i sve \u0161to on procijeni da je potrebo za o\u010duvanje suvereniteta, politi\u010dke nezavisnosti, teritorijalnog integriteta i me\u0111unarodnog subjektiviteta BiH, ali da aktuelni visoki predstavnik Valentin Inzko ni\u0161ta ne poduzima u tom pravcu.<\/p>\n<p>Dr. Jusuf Pu\u0161ina isti\u010de da je krajnje vrijeme da se politi\u010dkim sredstvima me\u0111unarodne zajednice, prije svega SAD-a i njenih saveznika i djelovanjem visokog predstavnika zaustavi Milorad Dodik.<\/p>\n<p>&#8220;Dodik vi\u0161e i ne krije da \u017eeli \u0161to br\u017ei kraj BiH. Njemu je politi\u010dka strategija nezavisnost manjeg bh. entiteta. Ostalo su sve takti\u010dka sredstva za koja on procjenjuje da ga vode u tom pravcu &#8211; rekao je Pu\u0161ina na dana\u0161njoj konferenciji\u00a0 i dodao da Dodik sigurno ne bi mogao voditi takvu politiku da iza njega ne stoji oficijelna politika Srbije i mnogo mo\u0107nijeg igra\u010da na svjetskoj politi\u010dkoj sceni&#8221;, Rusije.<\/p>\n","protected":false},"excerpt":{"rendered":"<p>Forum bo\u0161nja\u010dkih intelektualaca odr\u017eao je danas konferenciju za novinare pod nazivom &#8220;Dodatne nadle\u017enosti institucija dr\u017eave BiH su slovo Dejtona&#8221;, povodom najave \u010dlana Predsjedni\u0161tva BiH Milorada Dodika da \u0107e na posebnoj sjednici Narodne skup\u0161tine Republike Srpske biti predlo\u017eeno odbacivanje bonskih ovlasti visokog predsjednika. Akademik prof.dr. Suad Kurt\u0107ehaji\u0107 je naglasio da na taj na\u010din Dodik \u017eeli entitetima [&hellip;]<\/p>\n","protected":false},"author":59,"featured_media":14746,"comment_status":"open","ping_status":"closed","sticky":false,"template":"","format":"standard","meta":{"inline_featured_image":false,"footnotes":""},"categories":[284],"tags":[],"class_list":{"0":"post-14745","1":"post","2":"type-post","3":"status-publish","4":"format-standard","5":"has-post-thumbnail","7":"category-izdvojeno"},"acf":[],"_links":{"self":[{"href":"https:\/\/tvsensor.com\/api\/wp\/v2\/posts\/14745","targetHints":{"allow":["GET"]}}],"collection":[{"href":"https:\/\/tvsensor.com\/api\/wp\/v2\/posts"}],"about":[{"href":"https:\/\/tvsensor.com\/api\/wp\/v2\/types\/post"}],"author":[{"embeddable":true,"href":"https:\/\/tvsensor.com\/api\/wp\/v2\/users\/59"}],"replies":[{"embeddable":true,"href":"https:\/\/tvsensor.com\/api\/wp\/v2\/comments?post=14745"}],"version-history":[{"count":1,"href":"https:\/\/tvsensor.com\/api\/wp\/v2\/posts\/14745\/revisions"}],"predecessor-version":[{"id":14747,"href":"https:\/\/tvsensor.com\/api\/wp\/v2\/posts\/14745\/revisions\/14747"}],"wp:featuredmedia":[{"embeddable":true,"href":"https:\/\/tvsensor.com\/api\/wp\/v2\/media\/14746"}],"wp:attachment":[{"href":"https:\/\/tvsensor.com\/api\/wp\/v2\/media?parent=14745"}],"wp:term":[{"taxonomy":"category","embeddable":true,"href":"https:\/\/tvsensor.com\/api\/wp\/v2\/categories?post=14745"},{"taxonomy":"post_tag","embeddable":true,"href":"https:\/\/tvsensor.com\/api\/wp\/v2\/tags?post=14745"}],"curies":[{"name":"wp","href":"https:\/\/api.w.org\/{rel}","templated":true}]}}