{"id":14738,"date":"2019-11-03T16:00:51","date_gmt":"2019-11-03T16:00:51","guid":{"rendered":"https:\/\/senzor.ba\/?p=14738"},"modified":"2024-01-15T21:44:30","modified_gmt":"2024-01-15T20:44:30","slug":"dodikov-progon-bosanskog-identiteta","status":"publish","type":"post","link":"https:\/\/tvsensor.com\/clanak\/dodikov-progon-bosanskog-identiteta\/","title":{"rendered":"Dodikov progon bosanskog identiteta"},"content":{"rendered":"<p><em>\u201cSrbi nemaju \u0161to vi\u0161e tra\u017eiti u Bosni ukoliko se usvoji i proglasi bosanska nacija, Bosanci. Glavni na\u0161 prioritet je po svaku cenu spre\u010diti slu\u017ebeno priznavanje te bosanske nacije.\u201d<\/em><br \/>\n<em>(Dobrica \u0106osi\u0107, SANU, 1989)<\/em><\/p>\n<p>Vlada Republike Srpske, o\u010dito po nalogu \u010dlana Predsjedni\u0161tva Bosne i Hercegovine i lidera SNSD-a\u00a0<strong>Milorada Dodika<\/strong>, uputila je ovih dana Vije\u0107u sigurnosti Ujedinjenih naroda (UN) op\u0161iran 22. Izvje\u0161taj u kojem, uz ostalo, Stranku demokratske akcije (SDA) optu\u017euje za sve neda\u0107e ovog svijeta, pa i za ru\u0161enje Daytonskog sporazuma.<\/p>\n<p>Izvje\u0161taj je generalnom sekretaru UN-a i zemljama \u010dlanicama Vije\u0107a sigurnosti, uputio predsjednik Vlade Republike Srpske\u00a0<strong>Radovan Vi\u0161kovi\u0107<\/strong>.<\/p>\n<h4><strong>Bosanski identitet<\/strong><\/h4>\n<p>Na stranu \u010dinjenica \u0161to entitetska vlada \u2013 paradoksalno &#8211; sama kr\u0161i Dayton nastoje\u0107i voditi svoju vanjsku politiku, iako je to izri\u010dita nadle\u017enost dr\u017eave, posebno je zanimljiva jedna opaska koja se odnosi na ina\u010de pretencioznu\u00a0<strong>Programsku deklaraciju SDA.<\/strong><\/p>\n<p>Rije\u010d je o dokumentu koji je usvojen na nedavnom Kongresu SDA, a kojoj je, o\u010dekivano, izazvao burne reakcije, i u kojem su srpski i hrvatski nacionalisti, brojni secesionisti i separatisti, stali nalaziti opravdanja za svoje politike i fantazme.<\/p>\n<p>Iz Vlade etniteta RS tako ocjenjuju da je SDA toliko &#8220;bezo\u010dna u pozivu na radikalnu promjenu sada\u0161nje strukture BiH i dominaciju bo\u0161nja\u010dkog elementa&#8221;\u00a0<strong>da tra\u017ei i &#8220;afirmaciju bosanskog identiteta<\/strong>\u00a0kao zajedni\u010dkog identiteta svih gra\u0111ana BiH&#8221;!?<\/p>\n<p>&#8220;Umjesto da slavi nacionalnu raznolikost u BiH, ovaj poziv za uniformno\u0161\u0107u pod uslovima SDA predstavlja otvorenu i zlokobnu prijetnju Srbima i Hrvatima.\u00a0<strong>To je eksplicitan poziv da se poni\u0161ti sva srpska i hrvatska kultura i ba\u0161tina<\/strong>\u00a0u BiH. Te\u0161ko da bi se mogao zamisliti gnjev gra\u0111ana Velsa i \u0160kotske kad bi im se reklo da se od ovog trenutka mogu identifikovati samo kao `Britanci`&#8221;, nagla\u0161ava se u Izvje\u0161taju.<\/p>\n<p>Nadalje, podvaljuju\u0107i kao je BiH formirana prije gotovo 25 godina, isti\u010du da u posljednjih \u010detvrt stolje\u0107a &#8220;nikada nijedna uticajnija politi\u010dka stranka nije izvr\u0161ila tako radikalan i ofanzivan napad na nacionalne tradicije ostalih konstitutivnih naroda u zemlji kao \u0161to je SDA&#8221;.<\/p>\n<h4><strong>Mrski Kom\u0161i\u0107<\/strong><\/h4>\n<p>U tekstu se konstatira da je SDA ve\u0107 krenula u podrivanje mehanizama za\u0161tite konstitutivnih naroda u BiH i navodi primjer koji pokazuje iz kog razloga je politika u drugom entitetu, FBiH, u krizi, a to je izbor\u00a0<strong>\u017deljka Kom\u0161i\u0107a<\/strong>\u00a0na mjesto &#8220;hrvatskog&#8221; \u010dlana Predsjedni\u0161tva BiH.<\/p>\n<p>Istina,\u00a0<strong>kako je primijetio analiti\u010dar<\/strong>, uva\u017eeni profesor\u00a0<strong>Esad Bajtal<\/strong>, dosljedan kriti\u010dar nacionalnih stranaka &#8211; da je SDA na Kongresu bilo \u0161ta rekla, reakcije bi bile jednako o\u0161tre, no neke \u010dinjenice je va\u017eno rasvijetliti.<\/p>\n<p><strong>Prije svega, zamjena teza je stara politi\u010dka disciplina, a Milorad Dodik je njezin majstor.<\/strong><\/p>\n<p>SDA se mo\u017ee optu\u017eiti za sve i sva\u0161ta, ali da &#8220;afirmacijom bosanskog identiteta kao zajedni\u010dkog identiteta svih gra\u0111ana&#8221;, \u017eeli poni\u0161titi identitet bosanskih Srba i bosanskih Hrvata, pravoslavnih i katoli\u010dkih, to je previ\u0161e pa i za SNSD-ovu vladu.<\/p>\n<pre>Naravno, Dodiku nije smetala SDA kada ga je svojim glasovima dovodila na vlast, ne smeta mu ni danas kada pristaje na trule kompromise s njim, ali mu smeta sve \u0161to mo\u017ee biti brana njegovom krajnjem cilju \u2013 razbijanju ove zemlje na bazi velikosrpske politike, po uzoru na\u00a0<strong>Slobodana Milo\u0161evi\u0107a i Radovana Karad\u017ei\u0107a<\/strong>, guraju\u0107i ovda\u0161nje ljude u novo zlo. A, afirmacija bosanskih vrijednosti to svakako jeste.<\/pre>\n<p><strong>Kamo sre\u0107e da je SDA jo\u0161 devedesetih dosljedno provodila probosansku politiku, ili da je makar to po\u010dela \u010diniti onog trenutka kada je njezin osniva\u010d Alija Izetbegovi\u0107 na samrti rekao da Bosna mo\u017ee opstati samo ako &#8220;Srbi budu Srbi, Hrvati Hrvati, Bo\u0161njaci Bo\u0161njaci, ali da svi vi\u0161e budemo Bosanci&#8221;, jer Dodiku i ba\u0161tinicima njegove ideologije upravo to smeta.<\/strong><\/p>\n<p>\u010covjeku koji je po svojoj fizionomiji i temperamentu tipi\u010dan primjer Bosanca, problem predstavlja afirmacija bosanskih vrijednosti, spoznaja svih ljudi ovih prostora, uglavnom jednako izvaranih i oplja\u010dkanih, da imaju mnogo toga zajedni\u010dkog, a da je stvar vjerske pluranosti, pa i etni\u010dkog opredjeljivanja, ne\u0161to \u0161to ovdje najmanje mo\u017ee biti dovedeno u pitanje.<\/p>\n<p>No, ukoliko svi shvate da su, prije svega sinovi i k\u0107eri ove zemlje, da su sudbinski vezani za ovu grudu, da su su\u0161tinski upu\u0107eni jedni na druge, onda je to velika prepreka regionalnim hegemonijama, teritorijalnim aspiracijama koje o\u010dito jo\u0161 nisu podvukle svoj ra\u010dun sa bosanskohercegova\u010dkom dr\u017eavom i njezinim gra\u0111anima.<\/p>\n<h4><strong>\u0106osi\u0107 i Lu\u010di\u0107<\/strong><\/h4>\n<p>Za razumijevanje takve politike va\u017eno je u pomo\u0107 pozvati \u201coca nacije\u201d\u00a0<strong>Dobricu \u0106osi\u0107a<\/strong>\u00a0i onu izjavu s po\u010detka teksta u kojoj on, prije 30 godina, veli:<\/p>\n<p>\u201cSrbi nemaju \u0161to vi\u0161e tra\u017eiti u Bosni ukoliko se usvoji i proglasi bosanska nacija, Bosanci. Glavni na\u0161 prioritet je po svaku cenu spre\u010diti slu\u017ebeno priznavanje te bosanske nacije\u201d.<\/p>\n<p>Zanimljivo je da se iz gotovo istih motiva s \u0106osi\u0107em u augustu pro\u0161le godine\u00a0<strong>saglasio i dr. Ivo Lu\u010di\u0107<\/strong>, jo\u0161 jedan ideolog i ratni \u0161ef ispostave hrvatske tajne slu\u017ebe u Hercegovini, koji\u00a0<strong>u \u201cGlobusu\u201d vri\u0161ti<\/strong>:<\/p>\n<p>\u201cNi Hrvati ni Srbi u BiH nisu i ne\u0107e biti Bosanci\u201d.<\/p>\n<p>Zamislite, recimo, da u Americi nekome ka\u017eete da ne\u0107e i ne mo\u017ee biti Amerikanac samo zato \u0161to je Irac, \u0160kot, Poljak, Hrvat, Bo\u0161njak ili Srbin? Kod onih koji s ponosom nose ameri\u010dki paso\u0161 bili biste u najmanju ruku ismijani ili prezreni. Eto, takvim politikama u svijet izlaze ovda\u0161nji nacionalizmi i njihovi razni viskovi\u0107i, lu\u010di\u0107i&#8230;, ne shvataju\u0107i, kako je primijetio zamjenik pomo\u0107nika dr\u017eavnog sekretara Sjedinjenih Ameri\u010dkih Dr\u017eava (SAD)\u00a0<strong>Philip T. Reeker<\/strong>, kako su ostali duboko u 19. stolje\u0107u.<\/p>\n<p>Iz istog razloga se i u Beogradu i u Zagrebu negira bosanski jezik. U Srbiji ga SANU otvoreno zabranjuje, dok ga u Zagrebu ga nazivaju muslimanskim jezikom. Naravno, daleko od toga da su ljudi koji to \u010dine neupu\u0107eni. Oni takvom politikom, gu\u0161enjem bosanskog identiteta i bosanskih vrijednosti samo \u017eele za svagda ubiti ono najva\u017enije, a to je Bosna!<\/p>\n<p>I sve opet kako se ne bi vidjelo da se Potemkinova sela ovda\u0161nje vlasti raspadaju i da desetine hiljada ljudi odlaze iz ove zemlje, da negdje daleko budu, ono \u0161to jesu, Bosanci.<\/p>\n<header>\n<p class=\"datestamp\"><span class=\"author\">Radiosarajevo.ba<\/span><\/p>\n<\/header>\n","protected":false},"excerpt":{"rendered":"<p>\u201cSrbi nemaju \u0161to vi\u0161e tra\u017eiti u Bosni ukoliko se usvoji i proglasi bosanska nacija, Bosanci. Glavni na\u0161 prioritet je po svaku cenu spre\u010diti slu\u017ebeno priznavanje te bosanske nacije.\u201d (Dobrica \u0106osi\u0107, SANU, 1989) Vlada Republike Srpske, o\u010dito po nalogu \u010dlana Predsjedni\u0161tva Bosne i Hercegovine i lidera SNSD-a\u00a0Milorada Dodika, uputila je ovih dana Vije\u0107u sigurnosti Ujedinjenih naroda [&hellip;]<\/p>\n","protected":false},"author":59,"featured_media":14740,"comment_status":"open","ping_status":"closed","sticky":false,"template":"","format":"standard","meta":{"inline_featured_image":false,"footnotes":""},"categories":[70],"tags":[],"class_list":{"0":"post-14738","1":"post","2":"type-post","3":"status-publish","4":"format-standard","5":"has-post-thumbnail","7":"category-razmisljam-naglas"},"acf":[],"_links":{"self":[{"href":"https:\/\/tvsensor.com\/api\/wp\/v2\/posts\/14738","targetHints":{"allow":["GET"]}}],"collection":[{"href":"https:\/\/tvsensor.com\/api\/wp\/v2\/posts"}],"about":[{"href":"https:\/\/tvsensor.com\/api\/wp\/v2\/types\/post"}],"author":[{"embeddable":true,"href":"https:\/\/tvsensor.com\/api\/wp\/v2\/users\/59"}],"replies":[{"embeddable":true,"href":"https:\/\/tvsensor.com\/api\/wp\/v2\/comments?post=14738"}],"version-history":[{"count":1,"href":"https:\/\/tvsensor.com\/api\/wp\/v2\/posts\/14738\/revisions"}],"predecessor-version":[{"id":14741,"href":"https:\/\/tvsensor.com\/api\/wp\/v2\/posts\/14738\/revisions\/14741"}],"wp:featuredmedia":[{"embeddable":true,"href":"https:\/\/tvsensor.com\/api\/wp\/v2\/media\/14740"}],"wp:attachment":[{"href":"https:\/\/tvsensor.com\/api\/wp\/v2\/media?parent=14738"}],"wp:term":[{"taxonomy":"category","embeddable":true,"href":"https:\/\/tvsensor.com\/api\/wp\/v2\/categories?post=14738"},{"taxonomy":"post_tag","embeddable":true,"href":"https:\/\/tvsensor.com\/api\/wp\/v2\/tags?post=14738"}],"curies":[{"name":"wp","href":"https:\/\/api.w.org\/{rel}","templated":true}]}}