{"id":14727,"date":"2019-11-03T15:28:29","date_gmt":"2019-11-03T15:28:29","guid":{"rendered":"https:\/\/senzor.ba\/?p=14727"},"modified":"2024-01-15T21:44:30","modified_gmt":"2024-01-15T20:44:30","slug":"nova-sramota-u-srbiji-kragujevac-nazvao-ulicu-po-drazi-mihailovicu","status":"publish","type":"post","link":"https:\/\/tvsensor.com\/clanak\/nova-sramota-u-srbiji-kragujevac-nazvao-ulicu-po-drazi-mihailovicu\/","title":{"rendered":"Nova sramota u Srbiji: Kragujevac nazvao ulicu po Dra\u017ei Mihailovi\u0107u"},"content":{"rendered":"<p><strong>Jedna od ulica u Kragujevcu dobila je i zvani\u010dno naziv \u0110eneral Dra\u017ea Mihailovi\u0107, saop\u0161tio je Pokret obnove Kraljevine Srbije (POKS)<\/strong>. Ta stranka, kako isti\u010de, tra\u017ei\u0107e da i ostali gradovi slijede primjer Kragujevca.<\/p>\n<p>&#8220;Kragujeva\u010dka Skup\u0161tina je prihvatila inicijativu POKS i time je poslije sudske rehabilitacije i moralnu rehabilitovala jednu od najzna\u010dajnijih istorijskih li\u010dnosti Srbije. Kragujevac je tako postao prvi ve\u0107i srpski grad koji je dodijelio naziv jednoj ulici po \u0111eneralu Mihailovi\u0107u&#8221;, izjavio je zamjenik predsjednika POKS\u00a0<strong>Mirko \u010cikiriz<\/strong>.<\/p>\n<p>Prihva\u0107eni su, kako je naveo \u010cikirz, i ostali prijedlozi POKS, pa su &#8220;svoje ulice dobili i sve\u0161tenik\u00a0<strong>Sava Bankovi\u0107<\/strong>, zatvorenik sa najdu\u017eim sta\u017eom u komunisti\u010dkim zatvorima, najbolji \u0111ak kragujeva\u010dke gimnazije\u00a0<strong>\u017divomir \u017diva Kovanovi\u0107<\/strong>, koga su komunisti strijeljali sa 16 godina, uz jo\u0161 13 kragujeva\u010dkih \u0111aka&#8221;. Ulicu je, kako navode, dobio i pilot\u00a0<strong>\u017divica Mitrovi\u0107.<\/strong><\/p>\n<p>Dra\u017ea Mihailovi\u0107\u00a0je\u00a0<strong>nedavno dobio i spomenik u Bile\u0107i (BiH)<\/strong>, a pod\u00a0simbolima \u010detni\u0161tva i Dra\u017ee ubijani su i Bo\u0161njaci i Hrvati i Srbi u dva navrata \u0161irom Bosne i Hercegovine, tako da kada govorimo o Mihailovi\u0107u treba naglasiti da ne govorimo samo o Drugom svjetskom ratu, nego i posljednjem ratu protiv Bosne i Hercegovine, u kojem je on uzdignut u mitskog junaka za slobodu Srba.<\/p>\n<p>Mihailovi\u0107 nije bio nikakav junak, njegove \u017ertve u Drugom svjetskom ratu bile i osobe srpske nacionalnosti.<\/p>\n<p>\u201eTakav je slu\u010daj zlo\u010din u selu Vrani\u0107 kod Beograda u kojem su 1943. godine na Svetog Nikolu \u010detni\u010dke jedinice izvr\u0161ile masakr nad 67 civila iz 14 ku\u0107a, \u010diji su pojedini \u010dlanovi bili sumnji\u010deni za odr\u017eavanje veze sa partizanima\u201c, podsjetio je UDIK svojevremeno.<\/p>\n<header>\n<p class=\"datestamp\"><span class=\"author\">Radiosarajevo.ba<\/span><\/p>\n<\/header>\n","protected":false},"excerpt":{"rendered":"<p>Jedna od ulica u Kragujevcu dobila je i zvani\u010dno naziv \u0110eneral Dra\u017ea Mihailovi\u0107, saop\u0161tio je Pokret obnove Kraljevine Srbije (POKS). Ta stranka, kako isti\u010de, tra\u017ei\u0107e da i ostali gradovi slijede primjer Kragujevca. &#8220;Kragujeva\u010dka Skup\u0161tina je prihvatila inicijativu POKS i time je poslije sudske rehabilitacije i moralnu rehabilitovala jednu od najzna\u010dajnijih istorijskih li\u010dnosti Srbije. Kragujevac je [&hellip;]<\/p>\n","protected":false},"author":59,"featured_media":14731,"comment_status":"open","ping_status":"closed","sticky":false,"template":"","format":"standard","meta":{"inline_featured_image":false,"footnotes":""},"categories":[40],"tags":[],"class_list":{"0":"post-14727","1":"post","2":"type-post","3":"status-publish","4":"format-standard","5":"has-post-thumbnail","7":"category-region"},"acf":[],"_links":{"self":[{"href":"https:\/\/tvsensor.com\/api\/wp\/v2\/posts\/14727","targetHints":{"allow":["GET"]}}],"collection":[{"href":"https:\/\/tvsensor.com\/api\/wp\/v2\/posts"}],"about":[{"href":"https:\/\/tvsensor.com\/api\/wp\/v2\/types\/post"}],"author":[{"embeddable":true,"href":"https:\/\/tvsensor.com\/api\/wp\/v2\/users\/59"}],"replies":[{"embeddable":true,"href":"https:\/\/tvsensor.com\/api\/wp\/v2\/comments?post=14727"}],"version-history":[{"count":1,"href":"https:\/\/tvsensor.com\/api\/wp\/v2\/posts\/14727\/revisions"}],"predecessor-version":[{"id":14732,"href":"https:\/\/tvsensor.com\/api\/wp\/v2\/posts\/14727\/revisions\/14732"}],"wp:featuredmedia":[{"embeddable":true,"href":"https:\/\/tvsensor.com\/api\/wp\/v2\/media\/14731"}],"wp:attachment":[{"href":"https:\/\/tvsensor.com\/api\/wp\/v2\/media?parent=14727"}],"wp:term":[{"taxonomy":"category","embeddable":true,"href":"https:\/\/tvsensor.com\/api\/wp\/v2\/categories?post=14727"},{"taxonomy":"post_tag","embeddable":true,"href":"https:\/\/tvsensor.com\/api\/wp\/v2\/tags?post=14727"}],"curies":[{"name":"wp","href":"https:\/\/api.w.org\/{rel}","templated":true}]}}