{"id":14726,"date":"2019-11-03T15:25:15","date_gmt":"2019-11-03T15:25:15","guid":{"rendered":"https:\/\/senzor.ba\/?p=14726"},"modified":"2024-01-15T21:44:31","modified_gmt":"2024-01-15T20:44:31","slug":"branitelj-hvo-a-na-kupresu-moje-dijete-u-njemackoj-a-covic-svoje-uhljebio","status":"publish","type":"post","link":"https:\/\/tvsensor.com\/clanak\/branitelj-hvo-a-na-kupresu-moje-dijete-u-njemackoj-a-covic-svoje-uhljebio\/","title":{"rendered":"Branitelj HVO-a na Kupresu: Moje dijete u Njema\u010dkoj, a \u010covi\u0107 svoje uhljebio"},"content":{"rendered":"<p><strong>Na Kupresu je danas obilje\u017eena 25. godi\u0161njica oslobo\u0111enja Kupresa.<\/strong>\u00a0Tom je prilikom slavljena sveta misa u crkvi Svete obitelji, a potom je odr\u017eana sve\u010dana akademija.\u00a0Tokom govora generala Stanka Baje Sopte jedan od branitelja je prekinuo govor generala Sopte.<\/p>\n<p>&#8220;Potomstvo mi je u Njema\u010dkoj, a djeca Borjane Kri\u0161to i Dragana \u010covi\u0107a se sva uhljebila. Gdje su moja djeca? Ja sam u\u0161ao prvi na Kupres sa specijalnom livanjskom policijom. Ranjen sam. Koga hvali\u0161? Ja sam ranjene i mrtve ovdje previjao i gledao, a nisu ni Borjana ni \u010covi\u0107 koji ne daju mome djetetu \u017eivjeti&#8221;, kazao je branitelj.<\/p>\n<p>&#8220;Ja sam u\u0161ao ovdje u Kupres. Ja znam tko je u\u0161ao. S lijeve strane Kupre\u0161kih vrata sam ja u\u0161ao, a general Mijo Jeli\u0107 s desne strane s Hercegovcima. Kome ga pri\u010da\u0161?!&#8221;, dobacio je ljutito nepoznati branitelj.<\/p>\n<p>Ta pri\u010da nije za ovo mjesto i ovaj dan. Ovdje \u010dastimo i slavimo mrtve, odgovorio je general Sopta branitelju.<\/p>\n<p><strong>Incident je prekinuo kupre\u0161ki na\u010delnik Milan Ra\u0161tegorac Komo kazav\u0161i kako Kupres nije mjesto za politi\u010dke obra\u010dune.<\/strong><\/p>\n<p>&#8220;Nemojte u Kupres dolaziti \u201cispravljati krive Drine\u201d. Ovo je tre\u0107i put da se ovakvo ne\u0161to doga\u0111a. Ja se tresem. Za\u0161to u Kupres dolazite uvijek tra\u017eiti neke probleme&#8221;, kazao je Ra\u0161tegorac.<\/p>\n<p>Sve\u010dana akademija je nakon kratkog incidenta bila nastavljena govorom generala Sopte, pi\u0161e\u00a0<em><strong><a href=\"https:\/\/www.jabuka.tv\/incident-na-obiljezavanju-25-obljetnice-oslobodenja-kupresa\/?fbclid=IwAR0_f7lxyJIALngHfkzv0TpXQTr4-wQWqxwGPgb-Fd09Ka97En-yA-T3p74\" target=\"_blank\" rel=\"noopener noreferrer\">Jabuka<\/a><\/strong><\/em>.<\/p>\n","protected":false},"excerpt":{"rendered":"<p>Na Kupresu je danas obilje\u017eena 25. godi\u0161njica oslobo\u0111enja Kupresa.\u00a0Tom je prilikom slavljena sveta misa u crkvi Svete obitelji, a potom je odr\u017eana sve\u010dana akademija.\u00a0Tokom govora generala Stanka Baje Sopte jedan od branitelja je prekinuo govor generala Sopte. &#8220;Potomstvo mi je u Njema\u010dkoj, a djeca Borjane Kri\u0161to i Dragana \u010covi\u0107a se sva uhljebila. Gdje su moja [&hellip;]<\/p>\n","protected":false},"author":59,"featured_media":14729,"comment_status":"open","ping_status":"closed","sticky":false,"template":"","format":"standard","meta":{"inline_featured_image":false,"footnotes":""},"categories":[38],"tags":[],"class_list":{"0":"post-14726","1":"post","2":"type-post","3":"status-publish","4":"format-standard","5":"has-post-thumbnail","7":"category-vijesti-iz-bih"},"acf":[],"_links":{"self":[{"href":"https:\/\/tvsensor.com\/api\/wp\/v2\/posts\/14726","targetHints":{"allow":["GET"]}}],"collection":[{"href":"https:\/\/tvsensor.com\/api\/wp\/v2\/posts"}],"about":[{"href":"https:\/\/tvsensor.com\/api\/wp\/v2\/types\/post"}],"author":[{"embeddable":true,"href":"https:\/\/tvsensor.com\/api\/wp\/v2\/users\/59"}],"replies":[{"embeddable":true,"href":"https:\/\/tvsensor.com\/api\/wp\/v2\/comments?post=14726"}],"version-history":[{"count":1,"href":"https:\/\/tvsensor.com\/api\/wp\/v2\/posts\/14726\/revisions"}],"predecessor-version":[{"id":14730,"href":"https:\/\/tvsensor.com\/api\/wp\/v2\/posts\/14726\/revisions\/14730"}],"wp:featuredmedia":[{"embeddable":true,"href":"https:\/\/tvsensor.com\/api\/wp\/v2\/media\/14729"}],"wp:attachment":[{"href":"https:\/\/tvsensor.com\/api\/wp\/v2\/media?parent=14726"}],"wp:term":[{"taxonomy":"category","embeddable":true,"href":"https:\/\/tvsensor.com\/api\/wp\/v2\/categories?post=14726"},{"taxonomy":"post_tag","embeddable":true,"href":"https:\/\/tvsensor.com\/api\/wp\/v2\/tags?post=14726"}],"curies":[{"name":"wp","href":"https:\/\/api.w.org\/{rel}","templated":true}]}}