{"id":1467,"date":"2019-03-06T10:13:16","date_gmt":"2019-03-06T10:13:16","guid":{"rendered":"https:\/\/senzor.ba\/?p=1467"},"modified":"2024-01-15T21:49:41","modified_gmt":"2024-01-15T20:49:41","slug":"video-je-li-evropa-obecala-dodiku-da-ne-mora-u-nato","status":"publish","type":"post","link":"https:\/\/tvsensor.com\/clanak\/video-je-li-evropa-obecala-dodiku-da-ne-mora-u-nato\/","title":{"rendered":"(VIDEO) Je li Evropa obe\u0107ala Dodiku da ne mora u NATO?!"},"content":{"rendered":"\n<figure class=\"wp-block-embed-youtube wp-block-embed is-type-video is-provider-youtube wp-embed-aspect-16-9 wp-has-aspect-ratio\"><div class=\"wp-block-embed__wrapper\">\n<iframe loading=\"lazy\" title=\"Je li Evropa obe\u0107ala Dodiku da ne mora u NATO?!\" width=\"696\" height=\"392\" src=\"https:\/\/www.youtube.com\/embed\/-KgRyOsJwwI?feature=oembed&#038;enablejsapi=1\" frameborder=\"0\" allow=\"accelerometer; autoplay; clipboard-write; encrypted-media; gyroscope; picture-in-picture\" allowfullscreen><\/iframe>\n<\/div><\/figure>\n\n\n\n<p>Milorad Dodik je u intervjuu za Al Jazeeru najavio mogu\u0107i odlazak iz Predsjedni\u0161tva BiH, ukoliko BiH ne vrati na &#8221;pravi put&#8221;.<\/p>\n\n\n\n<p>\u201eNemam vremena za dangubu. Ako zajedno s drugim kolegama u \nPredsjedni\u0161tvu, najdu\u017ee za godinu, ne uspijem vratiti Bosnu i \nHercegovinu sa sada\u0161njeg puta samouni\u0161tenja na pravi put, ja napu\u0161tam \nPredsjedni\u0161tvo, vra\u0107am se u Banja Luku pa neka sve propadne\u201c, kazao je \nDodik.<\/p>\n\n\n\n<p>Ovaj intervju izazvao je pozitivne reakcije kod naivnih Bosanaca i \nHercegovaca koji su odmah pomislili da je Dodik spreman raditi za \ndobrobit BiH. Ono \u0161to je najva\u017enije u intervjuu Milorada Dodika, a nije \nnjegov rad i usmjeravanje BiH na &#8221;pravi put&#8221; je izjava i stav oko \nNATO-a.<\/p>\n\n\n\n<p>\u2018\u2019Re\u010deno mi je da \u0107emo za rje\u0161avanje nekih od najva\u017enijih problema \nimati bezrezervnu pomo\u0107 EU, da mnogo toga, poput formiranja Vije\u0107a \nministara, mo\u017eemo i moramo uraditi sami. Saglasni su sa mnom da se mnogi\n na\u0161i problemi mogu i moraju rje\u0161avati odmah jer je mnogo godina \nizgubljeno u nepovrat. U Briselu tako\u0111e nemaju ni\u0161ta protiv ako nam u \nrje\u0161avanju na\u0161ih nagomilanih problema budu pomagali i drugi na\u0161i \nprijatelji. Dogovorili smo se da neka osjetljiva pitanja kao \u0161to je \n\u010dlanstvo u NATO-u odlo\u017eimo za kasnije. Rekao sam im, tako\u0111e, da bi \nodgovornost morali od sada da snosimo svi koji stvari kod nas ne \npostavljamo na pravo mjesto, ali i oni koji se razme\u0107u la\u017enim nadama dok\n nam gra\u0111ani odlaze iz zemlje. A najve\u0107u odgovornost trebalo bi da snose\n oni koji kojekakvim nerealnim inicijativama, zahtjevima i kvazivizijama\n o unitarnoj ili gra\u0111anskoj Bosni i Hercegovini ko\u010de su\u0161tinske reforme. \nJa sam transparentni pragmati\u010dar koji na BiH gleda o\u010dima realiste i tako\n se i pona\u0161am. Svi me ba\u0161 u tome i ne razumiju dobro, ali to nije do \nmene.\u2019\u2019<\/p>\n\n\n\n<p>Ve\u0107ini medija, politi\u010dkih analiti\u010dara ali i obi\u010dnih gra\u0111ana BiH u \npomenutom intervjuu i izjavi Dodika promakla je najzna\u010dajnija stavka, a \nto je Dodikova \u017eelja da se odlo\u017ei odluka o NATO-u. Upravo NATO je jedini\n i sigurni spas za BiH i to \u010dim prije, to bolje za nas.<\/p>\n\n\n\n<p>Dodikovo opredjeljenje za Evropsku uniju je tako\u0111er samo \ndeklarativnog karaktera kojim kupuje evropljane ali i sve naivne Bosance\n i Hercegovce. Pri\u010dom oko \u017eelje za ulaskom u Evropsku uniju Dodik skre\u0107e\n pa\u017enju sa prioriteta BiH, a to je, u ovom trenutku, NATO. Proces ulaska\n u EU je te\u017eak i trnovit put koji \u0107e, sude\u0107i prema dosada\u0161njim \niskustvima sigurno dugo potrajati.<\/p>\n\n\n\n<p>Prostije re\u010deno, \u010dlanstvo u EU je na dugu \u0161tapu, pa se upravo zbog \ntoga Dodik i igra sa upitnicima, i nepotpunim odgovorima koje je u \nBriselu dostavio evropskim liderima. Kada se pribli\u017ei trenutak \nu\u010dlanjenja BiH u EU, ako do toga ikad i do\u0111e, Dodik bez problema mo\u017ee \nponovo blokirati BiH na evropskom putu. Isto kao \u0161to se sada de\u0161ava sa \nna\u0161im NATO putem. Isti \u0161ablon, isti cilj samo drugi put za opstruisanje \nnapretka BiH. Kada su nam vrata NATO-a, nakon svih godina \u010dekanja, na \ndohvat ruke, \u0161irom otvorena, Dodik ne dozvoljava da usvojimo Godi\u0161nji \nnacionalni plan i tako ispunimo jedini uslov za aktiviranje MAP-a.<\/p>\n\n\n\n<p>Dodik je majstor spina, sumnjivih namjera pa je i diskutabilna  njegova najava povla\u010denja iz Predsjedni\u0161tva za godinu. Ima on za to neki  \u2018\u2019svoj\u2019\u2019 razlog, a to sigurno nije ovaj koji je naveo. Bilo kako bilo,  pri\u010da o NATO-u je najva\u017enija za BiH. NATO \u0107e nam dati stabilnost,  napredak, a prije svega bit \u0107e garant za cjelovitu BiH, a obezbjedit \u0107e i  sigurnost za sve gra\u0111ane BiH.<\/p>\n\n\n\n<p>face.ba<\/p>\n","protected":false},"excerpt":{"rendered":"<p>Milorad Dodik je u intervjuu za Al Jazeeru najavio mogu\u0107i odlazak iz Predsjedni\u0161tva BiH, ukoliko BiH ne vrati na &#8221;pravi put&#8221;. \u201eNemam vremena za dangubu. Ako zajedno s drugim kolegama u Predsjedni\u0161tvu, najdu\u017ee za godinu, ne uspijem vratiti Bosnu i Hercegovinu sa sada\u0161njeg puta samouni\u0161tenja na pravi put, ja napu\u0161tam Predsjedni\u0161tvo, vra\u0107am se u Banja [&hellip;]<\/p>\n","protected":false},"author":59,"featured_media":1468,"comment_status":"open","ping_status":"closed","sticky":false,"template":"","format":"standard","meta":{"inline_featured_image":false,"footnotes":""},"categories":[37,38],"tags":[],"class_list":{"0":"post-1467","1":"post","2":"type-post","3":"status-publish","4":"format-standard","5":"has-post-thumbnail","7":"category-vijesti","8":"category-vijesti-iz-bih"},"acf":[],"_links":{"self":[{"href":"https:\/\/tvsensor.com\/api\/wp\/v2\/posts\/1467","targetHints":{"allow":["GET"]}}],"collection":[{"href":"https:\/\/tvsensor.com\/api\/wp\/v2\/posts"}],"about":[{"href":"https:\/\/tvsensor.com\/api\/wp\/v2\/types\/post"}],"author":[{"embeddable":true,"href":"https:\/\/tvsensor.com\/api\/wp\/v2\/users\/59"}],"replies":[{"embeddable":true,"href":"https:\/\/tvsensor.com\/api\/wp\/v2\/comments?post=1467"}],"version-history":[{"count":1,"href":"https:\/\/tvsensor.com\/api\/wp\/v2\/posts\/1467\/revisions"}],"predecessor-version":[{"id":1470,"href":"https:\/\/tvsensor.com\/api\/wp\/v2\/posts\/1467\/revisions\/1470"}],"wp:featuredmedia":[{"embeddable":true,"href":"https:\/\/tvsensor.com\/api\/wp\/v2\/media\/1468"}],"wp:attachment":[{"href":"https:\/\/tvsensor.com\/api\/wp\/v2\/media?parent=1467"}],"wp:term":[{"taxonomy":"category","embeddable":true,"href":"https:\/\/tvsensor.com\/api\/wp\/v2\/categories?post=1467"},{"taxonomy":"post_tag","embeddable":true,"href":"https:\/\/tvsensor.com\/api\/wp\/v2\/tags?post=1467"}],"curies":[{"name":"wp","href":"https:\/\/api.w.org\/{rel}","templated":true}]}}