{"id":1463,"date":"2019-03-06T10:05:38","date_gmt":"2019-03-06T10:05:38","guid":{"rendered":"https:\/\/senzor.ba\/?p=1463"},"modified":"2024-01-15T21:49:41","modified_gmt":"2024-01-15T20:49:41","slug":"kurtcehajic-da-su-u-daytonu-znali-sta-se-desavalo-u-ratu-u-bih-entitet-rs-ne-bi-postojao","status":"publish","type":"post","link":"https:\/\/tvsensor.com\/clanak\/kurtcehajic-da-su-u-daytonu-znali-sta-se-desavalo-u-ratu-u-bih-entitet-rs-ne-bi-postojao\/","title":{"rendered":"(VIDEO) Kurt\u0107ehaji\u0107: Da su u Daytonu znali \u0161ta se de\u0161avalo u ratu u BiH, entitet RS ne bi postojao"},"content":{"rendered":"\n<p><strong>BiH predala je, nakon nekoliko mjeseci ka\u0161njenja, nepotpune odgovore  na dodatna pitanja Europske komisije. Gost \u201eDobar dan BiH\u201c bio je  profesor na Fakultetu politi\u010dkih nauka u Sarajevu, akademik Suad  Kurt\u0107ehaji\u0107.<\/strong><\/p>\n\n\n\n<figure class=\"wp-block-embed-youtube wp-block-embed is-type-video is-provider-youtube wp-embed-aspect-16-9 wp-has-aspect-ratio\"><div class=\"wp-block-embed__wrapper\">\n<iframe loading=\"lazy\" title=\"KURT\u0106EHAJI\u0106 ZA DDBIH: DA SU U DAYTONU ZNALI \u0160TA SE DE\u0160AVALO U RATU U BIH, ENTITET RS NE BI POSTOJAO\" width=\"696\" height=\"392\" src=\"https:\/\/www.youtube.com\/embed\/-IVOnrDFwDg?feature=oembed&#038;enablejsapi=1\" frameborder=\"0\" allow=\"accelerometer; autoplay; clipboard-write; encrypted-media; gyroscope; picture-in-picture\" allowfullscreen><\/iframe>\n<\/div><\/figure>\n\n\n\n<p><em>&#8211; Razlog ka\u0161njenja je Dejtonsko ustrojstvo. U\n startu BiH je imala problem u odnosu na ostale zemlje. BiH je \npodsjeti\u0107emo, kasnila i sa predajom prvih odgovora na Upitnik EK \u2013 kazao\n je na po\u010detku akademik Kurt\u0107ehaji\u0107.<\/em><\/p>\n\n\n\n<p>SAD nisu imale punu informaciju onoga \u0161to se ratnih godina de\u0161avalo u BiH.&nbsp;<\/p>\n\n\n\n<p><em>&#8211;\n Momir Bulatovi\u0107 je rekao da nije vjerovao kakve su se razmjere genocida\n desile u Srebrenici. Da se u Daytonu znalo za de\u0161avanja u BiH, manji \nBiH entitet Republika Srpska ne bi postojala ni u jednom procentu. U \nDaytontu se to nije znalo ni u pribli\u017enom kapacitetu. Kazao je, da se \nznalo ono \u0161to se sada zna, kada sagledamo presude Ha\u0161kog tribunala i \n\u010dinjenicama, ni ja ni Milo\u0161evi\u0107 ne bismo mogli ni\u0161ta da uradimo da RS \npostoji ne u 49% ve\u0107 i u 1% \u2013 kazao je Kurt\u0107ehaji\u0107 osvr\u010du\u0107i se stanje i \nteritorijalnu entitetsku podijelu BiH.<\/em><\/p>\n\n\n\n<p>\u201eNiko u RS-u ne radi na otcjepljenju \u201e \u2013 kazao je Dodik u Briselu. Akademik na to dodaje.<\/p>\n\n\n\n<p><em>&#8211;\n Dodik pri\u010da kao da unutar sebe ima dvije li\u010dnosti. 1997.godine je za \nmanji BiH entitet rekao Republika \u0160umska, a sad je brani svim svojim \nbi\u0107em. 2007.godine je rekao da se u Srebrenici desio genocid, a sad ka\u017ee\n da nije bio genocid. On ima razli\u010dita ispoljavanja. Prije izbora je \nrekao da BiH nije njegova dr\u017eava \u2013 ka\u017ee Kurt\u0107ehaji\u0107.<\/em><\/p>\n\n\n\n<p>Na \npitanje kako komentari\u0161e izjavu Dodika da \u201eAko BiH za godinu dana ne \niza\u0111e iz procesa samouni\u0161tenja napusti\u0107u Predsjedni\u0161tvo\u201c, Kurt\u0107ehaji\u0107 \nka\u017ee:<\/p>\n\n\n\n<p><em>&#8211; Pona\u0161anje Dodika zahtjeva ozbiljnu analizu . On sve \n\u010dini da BiH bude propali projekat. On se poziva na to da treba otjerati \nVisokog predstavnika, otjerati strane sudije Ustavnog suda. Pa to su \nDaytonske institucije. Dodik kad bi mogao, u\u010dinio bi BiH jo\u0161 nemo\u0107nijom \ndr\u017eavom.Akademik je govorio i o opstrukcijama puta BiH prema NATO-u, o \nbenefitima koje bi imala ulaskom NATO, ali i na fabriciranju istine od \nstrane onih koji \u017eele promijeniti i osporiti \u010dinjenice vezane za masakr \nna Tuzlanskoj kapiji.&nbsp;<\/em><\/p>\n\n\n\n<p>Kompletan intervju pogledajte u videozapisu. <\/p>\n","protected":false},"excerpt":{"rendered":"<p>BiH predala je, nakon nekoliko mjeseci ka\u0161njenja, nepotpune odgovore na dodatna pitanja Europske komisije. Gost \u201eDobar dan BiH\u201c bio je profesor na Fakultetu politi\u010dkih nauka u Sarajevu, akademik Suad Kurt\u0107ehaji\u0107. &#8211; Razlog ka\u0161njenja je Dejtonsko ustrojstvo. U startu BiH je imala problem u odnosu na ostale zemlje. BiH je podsjeti\u0107emo, kasnila i sa predajom prvih [&hellip;]<\/p>\n","protected":false},"author":59,"featured_media":1464,"comment_status":"open","ping_status":"closed","sticky":false,"template":"","format":"standard","meta":{"inline_featured_image":false,"footnotes":""},"categories":[37,38],"tags":[],"class_list":{"0":"post-1463","1":"post","2":"type-post","3":"status-publish","4":"format-standard","5":"has-post-thumbnail","7":"category-vijesti","8":"category-vijesti-iz-bih"},"acf":[],"_links":{"self":[{"href":"https:\/\/tvsensor.com\/api\/wp\/v2\/posts\/1463","targetHints":{"allow":["GET"]}}],"collection":[{"href":"https:\/\/tvsensor.com\/api\/wp\/v2\/posts"}],"about":[{"href":"https:\/\/tvsensor.com\/api\/wp\/v2\/types\/post"}],"author":[{"embeddable":true,"href":"https:\/\/tvsensor.com\/api\/wp\/v2\/users\/59"}],"replies":[{"embeddable":true,"href":"https:\/\/tvsensor.com\/api\/wp\/v2\/comments?post=1463"}],"version-history":[{"count":3,"href":"https:\/\/tvsensor.com\/api\/wp\/v2\/posts\/1463\/revisions"}],"predecessor-version":[{"id":1469,"href":"https:\/\/tvsensor.com\/api\/wp\/v2\/posts\/1463\/revisions\/1469"}],"wp:featuredmedia":[{"embeddable":true,"href":"https:\/\/tvsensor.com\/api\/wp\/v2\/media\/1464"}],"wp:attachment":[{"href":"https:\/\/tvsensor.com\/api\/wp\/v2\/media?parent=1463"}],"wp:term":[{"taxonomy":"category","embeddable":true,"href":"https:\/\/tvsensor.com\/api\/wp\/v2\/categories?post=1463"},{"taxonomy":"post_tag","embeddable":true,"href":"https:\/\/tvsensor.com\/api\/wp\/v2\/tags?post=1463"}],"curies":[{"name":"wp","href":"https:\/\/api.w.org\/{rel}","templated":true}]}}