{"id":1448,"date":"2019-03-06T08:56:58","date_gmt":"2019-03-06T08:56:58","guid":{"rendered":"https:\/\/senzor.ba\/?p=1448"},"modified":"2024-01-15T21:49:42","modified_gmt":"2024-01-15T20:49:42","slug":"foto-safari-na-srednjovjekovnoj-tvrdavi-vranduk","status":"publish","type":"post","link":"https:\/\/tvsensor.com\/clanak\/foto-safari-na-srednjovjekovnoj-tvrdavi-vranduk\/","title":{"rendered":"Foto safari na srednjovjekovnoj tvr\u0111avi Vranduk"},"content":{"rendered":"\n<p>Na srednjovjekovnoj tvr\u0111avi Vranduk kod Zenice danas \u0107e biti odr\u017ean \nFoto safari u organizaciji Dru\u0161tva novinara Bosne i Hercegovine i u \nsaradnji s Muzejom grada Zenica i \u0160kolom fotografije Dijane Muminovi\u0107.<\/p>\n\n\n\n<p>U\u010desnici \u0107e biti polaznici \u0161kole fotografije i fotoreporteri iz tog \nkraja koji \u0107e imati zadatak da fotografi\u0161u tvr\u0111avu koju nije uspio \npokoriti ni Eugen Savojski, a naknadno \u0107e biti odabrane fotografije za \nizlo\u017ebu koja \u0107e biti postavljena u Muzeju grada Zenice po\u010detkom aprila, a\n potom \u0107e gostovati i u drugim bh. gradovima.<\/p>\n\n\n\n<p>To \u0107e biti dobra prilika i za promociju onoga \u0161to rade fotoreporteri \nfotografi, \u010dlanovi Dru\u0161tva, ali i Dru\u0161tvo koje je pokazalo da je jedino \nkoje poma\u017ee ljude koji se bave novinskom, dokumentarnom i umjetni\u010dkom \nfotografijom.<\/p>\n\n\n\n<p>Osim 35-godi\u0161nje Dijane Muminovi\u0107 koja \u017eivi na relaciji BiH \u2013 SAD, \nkoja je u svojoj karijeri imala nekoliko samostalnih izlo\u017ebi u obje \nzemlje, gdje se izdvaja samostalna izlo\u017eba u zgradi Kongresa SAD-a, a \ndobitnica je, izme\u0111u ostalog, nagrada fondacije Alexia, \nPhotophilantrophy i Bob Bexter (NPPA), u\u010desnicima Foto-safarija na \nVranduku \u0107e se obratiti i odr\u017eati kratko predavanje fotoreporter \nOslobo\u0111enja Muhamed Tunovi\u0107 \u2013 Badi, slobodni reporter i snimatelj Ahmed \nBegi\u010devi\u0107 \u2013 Sini i Slobodan Ra\u0161i\u0107 \u2013 Bobara, autor brojnih izlo\u017ebi \ndokumentarnih i umjetni\u010dkih fotografija, jedan od najposve\u0107enijih \nhroni\u010dara Banje Luke.<\/p>\n\n\n\n<p>Foto-safari na Vranduku \u0107e otvoriti predsjednik DNBiH Faruk Zup\u010devi\u0107.<\/p>\n\n\n\n<p>S obzirom da Muzej grada Zenica ima svoje aktivnosti taj dan na \nVranduku, zajedni\u010dki \u0107e biti organizovan obilazak tvr\u0111ave gdje \u0107e u \nnjihovoj re\u017eiji biti odr\u017eane srednjovjekovne igre, srednjovjekovni \nkoncert i ru\u010dak u Bosanskoj ku\u0107i.<\/p>\n\n\n\n<p>Muzej \u0107e finansijski pomo\u0107i izradu fotografija sa foto-safarija koje \n\u0107e odabrati tim na \u010delu sa reporterom i snimateljem BHT1 i FTV Jazidom \nAhmetkadi\u0107em, kao i postavku izlo\u017ebe koja bi trebala biti po\u010detkom \naprila u Zenici, a nakon toga i gostovati po drugim gradovima.<\/p>\n\n\n\n<p>Fotografije \u0107e biti vlasni\u0161tvo Muzeja ali \u0107e ih po potrebi ustupati Dru\u0161tvu novinara BiH, najavljeno je iz te organizacije.<\/p>\n","protected":false},"excerpt":{"rendered":"<p>Na srednjovjekovnoj tvr\u0111avi Vranduk kod Zenice danas \u0107e biti odr\u017ean Foto safari u organizaciji Dru\u0161tva novinara Bosne i Hercegovine i u saradnji s Muzejom grada Zenica i \u0160kolom fotografije Dijane Muminovi\u0107. U\u010desnici \u0107e biti polaznici \u0161kole fotografije i fotoreporteri iz tog kraja koji \u0107e imati zadatak da fotografi\u0161u tvr\u0111avu koju nije uspio pokoriti ni Eugen [&hellip;]<\/p>\n","protected":false},"author":59,"featured_media":1449,"comment_status":"open","ping_status":"closed","sticky":false,"template":"","format":"standard","meta":{"inline_featured_image":false,"footnotes":""},"categories":[68,65],"tags":[],"class_list":{"0":"post-1448","1":"post","2":"type-post","3":"status-publish","4":"format-standard","5":"has-post-thumbnail","7":"category-ljepote-bih","8":"category-vise"},"acf":[],"_links":{"self":[{"href":"https:\/\/tvsensor.com\/api\/wp\/v2\/posts\/1448","targetHints":{"allow":["GET"]}}],"collection":[{"href":"https:\/\/tvsensor.com\/api\/wp\/v2\/posts"}],"about":[{"href":"https:\/\/tvsensor.com\/api\/wp\/v2\/types\/post"}],"author":[{"embeddable":true,"href":"https:\/\/tvsensor.com\/api\/wp\/v2\/users\/59"}],"replies":[{"embeddable":true,"href":"https:\/\/tvsensor.com\/api\/wp\/v2\/comments?post=1448"}],"version-history":[{"count":1,"href":"https:\/\/tvsensor.com\/api\/wp\/v2\/posts\/1448\/revisions"}],"predecessor-version":[{"id":1450,"href":"https:\/\/tvsensor.com\/api\/wp\/v2\/posts\/1448\/revisions\/1450"}],"wp:featuredmedia":[{"embeddable":true,"href":"https:\/\/tvsensor.com\/api\/wp\/v2\/media\/1449"}],"wp:attachment":[{"href":"https:\/\/tvsensor.com\/api\/wp\/v2\/media?parent=1448"}],"wp:term":[{"taxonomy":"category","embeddable":true,"href":"https:\/\/tvsensor.com\/api\/wp\/v2\/categories?post=1448"},{"taxonomy":"post_tag","embeddable":true,"href":"https:\/\/tvsensor.com\/api\/wp\/v2\/tags?post=1448"}],"curies":[{"name":"wp","href":"https:\/\/api.w.org\/{rel}","templated":true}]}}