{"id":14360,"date":"2019-10-26T11:00:39","date_gmt":"2019-10-26T11:00:39","guid":{"rendered":"https:\/\/senzor.ba\/?p=14360"},"modified":"2024-01-15T21:44:45","modified_gmt":"2024-01-15T20:44:45","slug":"nedzmin-ambeskovic-sa-dvije-godine-odveli-su-me-u-logor-zelim-postati-prvak-svijeta-i-vratiti-se-da-zivim-u-bih","status":"publish","type":"post","link":"https:\/\/tvsensor.com\/clanak\/nedzmin-ambeskovic-sa-dvije-godine-odveli-su-me-u-logor-zelim-postati-prvak-svijeta-i-vratiti-se-da-zivim-u-bih\/","title":{"rendered":"Ned\u017emin Ambe\u0161kovi\u0107: \u2018Sa dvije godine odveli su me u logor, \u017eelim postati prvak svijeta i vratiti se da \u017eivim u BiH\u2019"},"content":{"rendered":"<p>Bh. strongman Ned\u017emin Ambe\u0161kovi\u0107 bio je gost emisije \u2018Centralni Denvenik sa Senadom Had\u017eifejzovi\u0107em\u2019 na FACE TV gdje je govorio o svom \u017eivotu, uspjehu i planovima za budu\u0107nost.<\/p>\n<p><iframe loading=\"lazy\" title=\"Ned\u017emin, najja\u010di Bosanac ikada: Ro\u0111eni smo na koljenima a uspjeli! Rad, samo rad, ri\u017ea i junetina!\" width=\"696\" height=\"392\" src=\"https:\/\/www.youtube.com\/embed\/nl3YMxQa1Rc?feature=oembed\" frameborder=\"0\" allow=\"accelerometer; autoplay; clipboard-write; encrypted-media; gyroscope; picture-in-picture\" allowfullscreen><\/iframe><\/p>\n<p>Ambe\u0161kovi\u0107, je nedavno nastupio na Giants Live takmi\u010denju u Wembley areni u Londonu i gdje je predstavljaju\u0107i Bosnu i Hercegovinu u kategoriji deadlift podigao 440 kilograma i osvojio tre\u0107e mjesto. Vlasnik je rekorda u \u0160vedskoj sa takoi\u0111er podignutih 440 kg, dok je uspio podi\u0107i i 450 kg ali mu sudija nije priznao taj rezultat.<\/p>\n<p>Svoju nestvarnu \u017eivotnu pri\u010du Ned\u017emin podelio je sa gledaocima. Na samom po\u010detku rata 1992. godine Ned\u017emin Ambe\u0161kovi\u0107 je ostao bez oca koji je ubijen nakon \u010dega je sa majkom, sestrom, strinom i njenom djecom kao dvogodi\u0161njak bio zatvoren u zloglasni logor.<\/p>\n<p>\u2018Na\u0161e kom\u0161ije su nas odvele u logor. Dva brata bliznaca. Jedan od bra\u0107e nas je zarobio, a drugi oslobodio. Ne sje\u0107am se tog perioda bio sam jako mali\u2019 \u2013 ka\u017ee Ambe\u0161kovi\u0107.<\/p>\n<p>U logoru su proveli oko \u010detiri mjeseca nakon \u010dega uspijevaju do\u0107i do slobodne teritorije odnosno dolaze u Kladanj gdje \u017eive neko vrijeme, a zatim odlaze u Sarajevo. Ovaj sna\u017eni momak visok 190 cm i te\u017eak ne\u0161to vi\u0161e od 160 kilograma ka\u017ee kako ima cilj da postane svjetki rekorder ali za to \u0107e biti potrebno puno napornog rada i odricanja. Za uspjeh ka\u017ee da je potreban rad, rad i samo rad. Sretno je o\u017eenjen, otac je tri sina i trenutno \u017eivi u \u0160vedskoj ali kako ka\u017ee u planu ima uskoro da se vrati u Bosnu i Hercegovinu.<\/p>\n<p>\u2018\u017delim poslu\u017eiti mladima kao primjer da je sve mogu\u0107e. Evo ro\u0111en sam na koljenima, sa dvije godine zavr\u0161io u logoru. Me\u0111utim, podigao sam se i nastavio dalje. Imamo jednu generaciju koja se ra\u0111ala ubijena u pojam\u2019 \u2013 ka\u017ee Ned\u017emin Ambe\u0161kovi\u0107.<\/p>\n<p>Visinu i snagu ka\u017ee da je naslijedio od djeda i oca dok za majku Mevlidu pri\u010da da je veliki heroj. Na pitanje kako se hrani najja\u010di Bosanac ikada Ambe\u0161kovi\u0107 je rekao da preferira najvi\u0161e ri\u017eu i junetinu dok priznaje da nije ljubitelj povr\u0107a i salata.<\/p>\n<p>Op\u0161irnije pogledajte u video prilogu.<\/p>\n","protected":false},"excerpt":{"rendered":"<p>Bh. strongman Ned\u017emin Ambe\u0161kovi\u0107 bio je gost emisije \u2018Centralni Denvenik sa Senadom Had\u017eifejzovi\u0107em\u2019 na FACE TV gdje je govorio o svom \u017eivotu, uspjehu i planovima za budu\u0107nost. Ambe\u0161kovi\u0107, je nedavno nastupio na Giants Live takmi\u010denju u Wembley areni u Londonu i gdje je predstavljaju\u0107i Bosnu i Hercegovinu u kategoriji deadlift podigao 440 kilograma i osvojio [&hellip;]<\/p>\n","protected":false},"author":59,"featured_media":14361,"comment_status":"open","ping_status":"closed","sticky":false,"template":"","format":"standard","meta":{"inline_featured_image":false,"footnotes":""},"categories":[61],"tags":[],"class_list":{"0":"post-14360","1":"post","2":"type-post","3":"status-publish","4":"format-standard","5":"has-post-thumbnail","7":"category-sport"},"acf":[],"_links":{"self":[{"href":"https:\/\/tvsensor.com\/api\/wp\/v2\/posts\/14360","targetHints":{"allow":["GET"]}}],"collection":[{"href":"https:\/\/tvsensor.com\/api\/wp\/v2\/posts"}],"about":[{"href":"https:\/\/tvsensor.com\/api\/wp\/v2\/types\/post"}],"author":[{"embeddable":true,"href":"https:\/\/tvsensor.com\/api\/wp\/v2\/users\/59"}],"replies":[{"embeddable":true,"href":"https:\/\/tvsensor.com\/api\/wp\/v2\/comments?post=14360"}],"version-history":[{"count":1,"href":"https:\/\/tvsensor.com\/api\/wp\/v2\/posts\/14360\/revisions"}],"predecessor-version":[{"id":14363,"href":"https:\/\/tvsensor.com\/api\/wp\/v2\/posts\/14360\/revisions\/14363"}],"wp:featuredmedia":[{"embeddable":true,"href":"https:\/\/tvsensor.com\/api\/wp\/v2\/media\/14361"}],"wp:attachment":[{"href":"https:\/\/tvsensor.com\/api\/wp\/v2\/media?parent=14360"}],"wp:term":[{"taxonomy":"category","embeddable":true,"href":"https:\/\/tvsensor.com\/api\/wp\/v2\/categories?post=14360"},{"taxonomy":"post_tag","embeddable":true,"href":"https:\/\/tvsensor.com\/api\/wp\/v2\/tags?post=14360"}],"curies":[{"name":"wp","href":"https:\/\/api.w.org\/{rel}","templated":true}]}}