{"id":14354,"date":"2019-10-25T16:15:03","date_gmt":"2019-10-25T16:15:03","guid":{"rendered":"https:\/\/senzor.ba\/?p=14354"},"modified":"2024-01-15T21:44:45","modified_gmt":"2024-01-15T20:44:45","slug":"da-li-ce-ministar-mektic-biti-uhapsen","status":"publish","type":"post","link":"https:\/\/tvsensor.com\/clanak\/da-li-ce-ministar-mektic-biti-uhapsen\/","title":{"rendered":"Da li \u0107e ministar Mekti\u0107 biti uhap\u0161en?"},"content":{"rendered":"<p><strong>Ho\u0107e li Vas uhapsiti glavna tu\u017eiteljica BiH Gordana Tadi\u0107?<\/strong><\/p>\n<ul>\n<li><em>Imam sto posto provjerene informacije da se prije dva-tri dana o toj temi razgovaralo na sastanku kod Gordane Tadi\u0107. Zaklju\u010deno je da \u0107e Tu\u017eila\u0161tvo BiH izdati naredbu da se ja li\u0161im slobode i jo\u0161 nekoliko ljudi ovdje u sastavu Ministarstva, ka\u017ee Mekti\u0107 za\u00a0<\/em><a href=\"https:\/\/www.oslobodjenje.ba\/dosjei\/intervjui\/dragan-mektic-vrh-tuzilastva-bih-radi-ono-sto-se-odluci-u-centralama-dvije-politicke-partije-500965\" target=\"_blank\" rel=\"noreferrer noopener\" aria-label=\"Oslobo\u0111enje (opens in a new tab)\"><em>Oslobo\u0111enje<\/em><\/a><em>.<\/em><\/li>\n<\/ul>\n<p><strong>Pogodna meta<\/strong><\/p>\n<ul>\n<li><em>Sve ve\u017eu za jedan tender koji je po\u010deo jo\u0161 2013, dakle, dvije godine prije mog mandata. Implementacija tog projekta koji je finansirala, nadgledala, odnosno u njemu u\u010destvovala Evropska komisija u BiH, bila je u poodmakloj fazi.<\/em><\/li>\n<\/ul>\n<p><strong>Kako se onda mo\u017eete okriviti za ne\u0161to \u0161to je jo\u0161 donacija?<\/strong><\/p>\n<ul>\n<li><em>Tu ima koliko ho\u0107ete nelogi\u010dnih i neobja\u0161njivih stvari, ali je o\u010digledno da se sve radi zbog mog vi\u0161egodi\u0161njeg odnosa i stava prema pravosudnim institucijama u BiH, a posebno prema Tu\u017eila\u0161tvu Bosne i Hercegovine, o kojem sam puno govorio i iza svake te rije\u010di i dalje stojim, \u010dak mislim da su jo\u0161 gori nego \u0161to sam isticao. Smislili su, ta\u010dnije, iskonstruisali situaciju koja je apsolutno odra\u0111ena uz po\u0161tivanje svih procedura. Poku\u0161ava se unijeti niz neta\u010dnih podataka i kvalifikacija da bi se na taj na\u010din osvetili meni, napravili od toga pri\u010du, spektakl, a lo\u0161u pri\u010du o sebi stavili u drugi plan. A to mi\u0161ljenje o njima nemam samo ja ve\u0107 cijela bosanskohercegova\u010dka javnost i sve me\u0111unarodne organizacije ovdje. Odabrali su mene mo\u017eda kao najpogodniju metu da bi vodili tu pri\u010du.<\/em><\/li>\n<\/ul>\n<p><strong>Rekli ste pred novinarima da znate odakle vjetar pu\u0161e. Odakle?<\/strong><\/p>\n<ul>\n<li><em>Ta pri\u010da je iskonstruisana u vrhu Tu\u017eila\u0161tva BiH i oni su ve\u0107 od mene ranije, u nekoliko navrata, putem federalnog MUP-a, \u0161to je opet van svake logike jer nisu i\u0161li preko SIPA koja je nadle\u017ena za istrage u svim dr\u017eavnim institucijama, dakle, izabrali su neki put poprijeko, tra\u017eili podatke da bi sklopili la\u017enu optu\u017ebu. Zato ta pri\u010da nema nikakvog upori\u0161ta i osnova, i zato ne mo\u017ee, na kraju krajeva, imati nikakav sudski epilog. Pri\u010da je po\u010dela 2013, ja sam ovdje do\u0161ao 2015. godine, nastavio taj posao i dovr\u0161io.<\/em><\/li>\n<\/ul>\n<ul>\n<li><em>Po\u0161to se tu radi o evropskom novcu namijenjenom za kupovinu vatrogasne opreme, koju smo podijelili u deset op\u0161tina Hercegovine, finalni izvje\u0161taj je nakon toga sa\u010dinila Delegacija Evropske komisije u BiH. Izvje\u0161taj je prezentovao stvarno stanje i ni jedna jedina marka nije problemati\u010dna. Nakon toga je Evropska komisija odabrala jednu nezavisnu revizorsku ku\u0107u, mislim ovdje iz Sarajeva, koja je izvr\u0161ila reviziju cjelokupnog projekta i konstatovala da je sve ura\u0111eno u skladu s procedurama i da nema nikakvih problema.<\/em><\/li>\n<\/ul>\n<p><strong>Jeste li razgovarali sa ljudima iz federalnog MUP-a?<\/strong><\/p>\n<ul>\n<li><em>Vidite, oni dobijaju naredbe iz Tu\u017eila\u0161tva BiH i ljudi postupaju po njima. Oni se svaki put kad dobiju naredbu obrate nama, mi damo dokumentaciju i nemamo nikakvu rezervu spram toga. Ja \u0107u tu dokumentaciju objaviti na webu Ministarstva, neka je gleda ko ho\u0107e. Iako je revizorska ku\u0107a dala pozitivan izvje\u0161taj o projektu, sada se poku\u0161avaju ubaciti razni \u201cklipovi\u201d, insinuacije u izvje\u0161taj. Na njihovu \u017ealost, nemaju nikakav predmet. Sje\u0107ate se da su poku\u0161avali s mojom diplomom, pa im to nije pro\u0161lo. Onda su poku\u0161avali sa prislu\u0161kivanjem, sa raznim atentatima, poku\u0161avali sa slu\u010dajem selefije, pa istra\u017eivali neka zapo\u0161ljavanja ovdje. To je stalna presija, koja godinama traje.<\/em><\/li>\n<\/ul>\n<p><strong>Je li slu\u010dajnost to \u0161to je direktor hrvatske SOA ponovo pri\u010dao o aferi selefije i to u Bruxellesu, da bi se kroz nekoliko dana pojavila ova informacija vezana za Tu\u017eila\u0161tvo BiH?<\/strong><\/p>\n<ul>\n<li><em>Nije, to je sve sinhronizovano, ni\u0161ta nije slu\u010dajno. Direktor SOA ponovo je izjavio da je to izmi\u0161ljeno. I to je poku\u0161aj da se ja kriminalizujem i diskreditujem, pa da na kraju mogu re\u0107i: evo, vidite \u0161ta Dragan Mekti\u0107 radi. Stojim iza svega \u0161to sam rekao i za SOA i za njihovo djelovanje ovdje. Bez obzira na sve \u0161to sam rekao i pritisak koji traje \u010detiri godine, jer se stalno ne\u0161to u vezi sa mnom provjerava, uzimaju spisi, sad su krenuli na konstruisanje pri\u010de. Bitno je samo da sve to \u0161to sam govorio, po njihovom mi\u0161ljenju, postane upitno.<\/em><\/li>\n<\/ul>\n<p><strong>Bratske partije<\/strong><\/p>\n<ul>\n<li><em>Ponavljam, ne\u0107u pasti ni na kakve njihove pritiske, prijetnje, po cijenu bilo kakvih konstrukcija i izmi\u0161ljanja. Iza svega stoji vrh Tu\u017eila\u0161tva BiH, a samo im mogu poru\u010diti da su grdno pogrije\u0161ili u vezi sa ovim projektom, jer su poku\u0161ali napraviti aferu od procedure koju je vodila Delegacija Evropske komisije. Mi nismo tro\u0161ili svoj novac, to je novac Evrope i sve je bilo podlo\u017eno reviziji. Da ima bilo \u0161ta sporno, prije svih bi reagovala Evropska komisija i to ne bi dozvolila.<\/em><\/li>\n<\/ul>\n<p><strong>Ne bi se \u010dekalo toliko dugo, ve\u0107 biste bili uhap\u0161eni?<\/strong><\/p>\n<ul>\n<li><em>Oni \u010detiri godine rove, rovare, izmi\u0161ljaju, pozivan sam ne znam ni koliko puta u Tu\u017eila\u0161tvo da dajem izjave. Kada sam reagovao na aferu SOA, odmah sutradan sam bio pozvan na saslu\u0161anje. Nema koga nisu saslu\u0161ali u tom predmetu, da se probaju uhvatiti za bilo \u0161ta. Odgovorno tvrdim da ovo nije projekat u koji sam ja u\u0161ao, ja sam ga samo u saradnji sa Delegacijom doveo do kraja potpuno transparentno. Izvje\u0161taji revizora postoje. Oni opet sjede i vije\u0107aju kako dohakati Draganu Mekti\u0107u i pokazati da Dragan Mekti\u0107 nije u pravu, posebno Tu\u017eila\u0161tvo BiH, a potpuno sam siguran da je korumpirano, kriminalizovano i da radi isklju\u010divo za jedan broj politi\u010dkih partija u Bosni i Hercegovini.<\/em><\/li>\n<\/ul>\n<p><strong>A znamo i kojih?<\/strong><\/p>\n<ul>\n<li><em>Znamo, nema ko ne zna da su u pitanju dvije partije koje su se bratski uvezale, ovladale Tu\u017eila\u0161tvom BiH i sad vrh Tu\u017eila\u0161tva radi ono \u0161to se odlu\u010di u centralama tih politi\u010dkih partija.<\/em><\/li>\n<\/ul>\n","protected":false},"excerpt":{"rendered":"<p>Ho\u0107e li Vas uhapsiti glavna tu\u017eiteljica BiH Gordana Tadi\u0107? Imam sto posto provjerene informacije da se prije dva-tri dana o toj temi razgovaralo na sastanku kod Gordane Tadi\u0107. Zaklju\u010deno je da \u0107e Tu\u017eila\u0161tvo BiH izdati naredbu da se ja li\u0161im slobode i jo\u0161 nekoliko ljudi ovdje u sastavu Ministarstva, ka\u017ee Mekti\u0107 za\u00a0Oslobo\u0111enje. Pogodna meta Sve [&hellip;]<\/p>\n","protected":false},"author":59,"featured_media":14355,"comment_status":"open","ping_status":"closed","sticky":false,"template":"","format":"standard","meta":{"inline_featured_image":false,"footnotes":""},"categories":[38],"tags":[],"class_list":{"0":"post-14354","1":"post","2":"type-post","3":"status-publish","4":"format-standard","5":"has-post-thumbnail","7":"category-vijesti-iz-bih"},"acf":[],"_links":{"self":[{"href":"https:\/\/tvsensor.com\/api\/wp\/v2\/posts\/14354","targetHints":{"allow":["GET"]}}],"collection":[{"href":"https:\/\/tvsensor.com\/api\/wp\/v2\/posts"}],"about":[{"href":"https:\/\/tvsensor.com\/api\/wp\/v2\/types\/post"}],"author":[{"embeddable":true,"href":"https:\/\/tvsensor.com\/api\/wp\/v2\/users\/59"}],"replies":[{"embeddable":true,"href":"https:\/\/tvsensor.com\/api\/wp\/v2\/comments?post=14354"}],"version-history":[{"count":1,"href":"https:\/\/tvsensor.com\/api\/wp\/v2\/posts\/14354\/revisions"}],"predecessor-version":[{"id":14356,"href":"https:\/\/tvsensor.com\/api\/wp\/v2\/posts\/14354\/revisions\/14356"}],"wp:featuredmedia":[{"embeddable":true,"href":"https:\/\/tvsensor.com\/api\/wp\/v2\/media\/14355"}],"wp:attachment":[{"href":"https:\/\/tvsensor.com\/api\/wp\/v2\/media?parent=14354"}],"wp:term":[{"taxonomy":"category","embeddable":true,"href":"https:\/\/tvsensor.com\/api\/wp\/v2\/categories?post=14354"},{"taxonomy":"post_tag","embeddable":true,"href":"https:\/\/tvsensor.com\/api\/wp\/v2\/tags?post=14354"}],"curies":[{"name":"wp","href":"https:\/\/api.w.org\/{rel}","templated":true}]}}