{"id":1435,"date":"2019-03-05T09:07:10","date_gmt":"2019-03-05T09:07:10","guid":{"rendered":"https:\/\/senzor.ba\/?p=1435"},"modified":"2024-01-15T21:49:42","modified_gmt":"2024-01-15T20:49:42","slug":"portal-balkan-insight-dodik-ce-otici-prije-no-sto-to-mnogi-ocekuju-ali-nece-otici-mirno","status":"publish","type":"post","link":"https:\/\/tvsensor.com\/clanak\/portal-balkan-insight-dodik-ce-otici-prije-no-sto-to-mnogi-ocekuju-ali-nece-otici-mirno\/","title":{"rendered":"Portal Balkan insight: &#8220;Dodik \u0107e oti\u0107i prije no \u0161to to mnogi o\u010dekuju. Ali ne\u0107e oti\u0107i mirno&#8221;!"},"content":{"rendered":"\n<p>Prije nekoliko sedmica iz Banja Luke je stigla uznemiruju\u0107a vijest. \nSr\u0111an Su\u0161nica, lokalni politi\u010dki analiti\u010dar i otvoreni kriti\u010dar Milorada\n Dodika i njegovog Saveza nezavisnih socijaldemokrata, odlazi iz grada \nnakon \u0161to je njegova porodica dobila seriju poruka u kojima im se \nprijeti smr\u0107u. Nekoliko dana kasnije, Dra\u0161ko Stanivukovi\u0107, opozicioni \nzastupnik u skup\u0161tini RS, tako\u0111er je najavio svoj privremeni odlazak iz \nRS nakon \u0161to su nepoznati napada\u010di napali njegovo vozilo.<\/p>\n\n\n\n<p>Ovim slu\u010dajevima prethodio je onaj Davora Dragi\u010devi\u0107a, oca ubijenog \nDavida Dragi\u010devi\u0107a, \u010dija je tajanstvena i jo\u0161 nerazja\u0161njena smrt \nizazvala valove protesta u Banjoj Luci.<\/p>\n\n\n\n<p>Otac Dragi\u010devi\u0107 je preko no\u0107i napustio Banju Luku jer se bojao da bi \nmogao postati \u017ertva. Ni on nije prvi politi\u010dki disident koji je pobjegao\n iz Banje Luke. Prije tri godine neovisni novinar slobodan Vaskovi\u0107 \nmorao je tako\u0111er na neko vrijeme nestati iz grada a godinu kasnije do\u0161ao\n je na red i kolumnist Dragan Bursa\u0107, dobitnik Evropske novinarske \nnagrade za 2018. godinu, pi\u0161e portal Balkan Insight.<\/p>\n\n\n\n<p>Sve to nisu izolirani incidenti, niti su oni slu\u010dajne mete. Svima je \nzajedni\u010dko to \u0161to su otvoreni kriti\u010dari Milorada Dodika i njegovog \nre\u017eima. Dodik je trenutno predstavnik Srba u tro\u010dlanom predsjedni\u0161tvu \nBiH u Sarajevu. Ali on ostaje neupitni gospodar i \u0161ef Republike Srpske. \nSNSD kao stranka, uklju\u010duju\u0107i predsjednicu entiteta, \u017deljku Cvijanovi\u0107, \nne \u010dini ni\u0161ta bez Dodikovog izri\u010ditog usmjeravanja i odobravanja.<\/p>\n\n\n\n<p>Sli\u010dno kao \u0161to je to slu\u010daj u Rusiji s Vladimirom Putinom, gdje su \nlikvidirani njegovi najve\u0107i kriti\u010dari opozicijski vo\u0111a Boris Nemtsov i \nnovinarka Ana Politkovskaya ne bi bili likvidirani da nije postojala \ndirektna naredba iz Kremlja, tako ni u Banjoj Luci nema sumnje ko \ndirigira prijetnjama i zastra\u0161ivanjima.<\/p>\n\n\n\n<p>Treba biti jasan oko stanja demokracije u BiH u cjelini &#8211; to je u \nnajboljem slu\u010daju neliberalni ili hibridni re\u017eim i daleko od \nfunkcionalne demokratije. Ono \u0161to se doga\u0111a u RS-u je jo\u0161 gore. Tu je \nDodik stvorio autoritarni re\u017eim unutar neliberalne dr\u017eave. Mo\u017eda je samo\n pitanje vremena prije nego njegov re\u017eim, poput Putinovog, po\u010dne ubijati\n svoje protivnike. Upravo tako, postoje vjerodostojni razlozi za \nvjerovanje da su Davida Dragi\u010devi\u0107a ubili pripadnici MUP-a RS.<\/p>\n\n\n\n<p>U me\u0111uvremenu, u decembru pro\u0161le godine, policija RS otvoreno je \npokazala spremnost da upotrijebi silu,\u010dak i protiv djece i da razbije \nmirne, legitimne proteste. Tako\u0111er treba podsjetiti da je re\u017eim otvoreno\n povezan s najmanje dvije razli\u010dite organizirane kriminalne \/ \nekstremisti\u010dke grupe, &#8220;srpska \u010dast&#8221; i ruski &#8220;no\u0107ni vukovi&#8221;.<br> <br>Tako\u0111er\n su po\u010deli nabavljati alarmantne koli\u010dine oru\u017eja i opreme za kontrolu \nprosvjeda, dok istovremeno formiraju paralelne paravojne sigurnosne \nstrukture unutar entiteta. To nisu postupci vlade koja je demokratski \nlegitimna i spremna tolerirati kritiku. To su obilje\u017eja autoritarnog \nre\u017eima &#8211; koji je prijetnja miru i sigurnosti Bosne kao dr\u017eave, zbog \nsecesionisti\u010dkih tendencija i svih bosanskih gra\u0111ana u RS-u zbog sve \nve\u0107e sklonosti nasilju.<\/p>\n\n\n\n<p>S obzirom na to da nakon posljednjih op\u0107ih izbora u Bosni Dodik i \nnjegove kohorte nisu pretrpjeli nikakve institucionalne ili izborne \nposljedice unato\u010d otvorenom zastra\u0161ivanju i prijetnjama bira\u010dima, mogli \nbismo zaklju\u010diti da \u0107e se taj re\u017eim zavr\u0161iti na na\u010din na koji svi \nnedemokratski re\u017eimi zavr\u0161avaju &#8211; kroz masovnu mobilizaciju jedne ili \ndruge strane.<\/p>\n\n\n\n<p>Dodik to zna kao i bilo ko drugi. Zato je ulo\u017eio u alate koji su mu \npotrebni da sprije\u010di tu neizbje\u017enost \u0161to je du\u017ee mogu\u0107e. Njegov dan \u0107e \nsigurno do\u0107i, jer on nije va\u017enija politi\u010dka figura ni od Slobodana \nMilo\u0161evi\u0107a, ni od Nikole Gruevskog u Makedoniji, kao ni od Viktora \nJanukovi\u010da u Ukrajini. Taj dan \u0107e sigurno sti\u0107i prije no \u0161to to mnogi \no\u010dekuju.<\/p>\n\n\n\n<p>Problem je \u0161to Dodik ne\u0107e oti\u0107i mirno. I ne mo\u017ee se ni izra\u010dunati  koliko \u0107e jo\u0161 \u0161tete u\u010diniti prije no \u0161to ga se svrgne. I ne mo\u017ee se re\u0107i koliko \u0107e \u0161tete on u\u010diniti prije nego \u0161to ga  napuste. To ostavlja svakoga u Bosni, uklju\u010duju\u0107i i me\u0111unarodnu  zajednicu, da u me\u0111uvremenu uradi va\u017ean posao.<\/p>\n\n\n\n<p>Prije svega, osnovna demokratska prava svih gra\u0111ana u Bosni moraju \nbiti za\u0161ti\u0107ena. Ako se ne mogu zajam\u010diti u RS-u, relevantne dr\u017eavne \ninstitucije u Sarajevu moraju raditi na utvr\u0111ivanju sigurnosti ciljanih \nili na drugi na\u010din ugro\u017eenih pojedinaca i zajednica. Me\u0111unarodna \nzajednica, osobito SAD, Kanada, Japan, EU i klju\u010dne europske vlade (npr.\n Njema\u010dka, Ujedinjeno Kraljevstvo, \u0160vedska, Italija) moraju se \nvjerodostojno obvezati na ove napore.<\/p>\n\n\n\n<p>Mogu\u0107e je da \u0107e trebati ponovno reakcija Ureda visokog predstavnika \nda koristi svoje tzv. \u201cBonske ovlasti\u201d kako bi uklonio odre\u0111ene osobe iz\n javne slu\u017ebe. Od njih se tako\u0111er mo\u017ee tra\u017eiti da odobre azil \npojedincima \u010dija se sigurnost vi\u0161e ne mo\u017ee jam\u010diti u Bosni. I moraju, \npo\u010deti s pritiskom na Dodikov re\u017eim i klju\u010dne pojedince u njemu, s \nciljanim sankcijama, zabranama putovanja i zamrzavanjem imovine. SAD su \nve\u0107 poduzele prve korake u tom pogledu. Sada Evropljani moraju odigrati \nsvoju ulogu.<\/p>\n\n\n\n<p>To se mora dogoditi odmah. Ne mo\u017ee \u010dekati. Bosna je previ\u0161e \nnestabilna, njezine demokratske institucije ve\u0107 su u krizi, a njezini \nnajotvoreniji i hrabri demokratski zagovornici previ\u0161e ranjivi da bi \n\u010dekali sve dok ne dobiju priliku pobje\u0107i iz Banje Luke ili RS. Smrt \nDavida Dragi\u010devi\u0107a bio je zlokobni znak. To mora biti zadatak svih onih \nkoji su posve\u0107eni demokratiji i vladavini prava u BiH, prenosi Slobodna \nBosna.&nbsp;<\/p>\n","protected":false},"excerpt":{"rendered":"<p>Prije nekoliko sedmica iz Banja Luke je stigla uznemiruju\u0107a vijest. Sr\u0111an Su\u0161nica, lokalni politi\u010dki analiti\u010dar i otvoreni kriti\u010dar Milorada Dodika i njegovog Saveza nezavisnih socijaldemokrata, odlazi iz grada nakon \u0161to je njegova porodica dobila seriju poruka u kojima im se prijeti smr\u0107u. Nekoliko dana kasnije, Dra\u0161ko Stanivukovi\u0107, opozicioni zastupnik u skup\u0161tini RS, tako\u0111er je najavio [&hellip;]<\/p>\n","protected":false},"author":59,"featured_media":1436,"comment_status":"open","ping_status":"closed","sticky":false,"template":"","format":"standard","meta":{"inline_featured_image":false,"footnotes":""},"categories":[37,38],"tags":[],"class_list":{"0":"post-1435","1":"post","2":"type-post","3":"status-publish","4":"format-standard","5":"has-post-thumbnail","7":"category-vijesti","8":"category-vijesti-iz-bih"},"acf":[],"_links":{"self":[{"href":"https:\/\/tvsensor.com\/api\/wp\/v2\/posts\/1435","targetHints":{"allow":["GET"]}}],"collection":[{"href":"https:\/\/tvsensor.com\/api\/wp\/v2\/posts"}],"about":[{"href":"https:\/\/tvsensor.com\/api\/wp\/v2\/types\/post"}],"author":[{"embeddable":true,"href":"https:\/\/tvsensor.com\/api\/wp\/v2\/users\/59"}],"replies":[{"embeddable":true,"href":"https:\/\/tvsensor.com\/api\/wp\/v2\/comments?post=1435"}],"version-history":[{"count":1,"href":"https:\/\/tvsensor.com\/api\/wp\/v2\/posts\/1435\/revisions"}],"predecessor-version":[{"id":1437,"href":"https:\/\/tvsensor.com\/api\/wp\/v2\/posts\/1435\/revisions\/1437"}],"wp:featuredmedia":[{"embeddable":true,"href":"https:\/\/tvsensor.com\/api\/wp\/v2\/media\/1436"}],"wp:attachment":[{"href":"https:\/\/tvsensor.com\/api\/wp\/v2\/media?parent=1435"}],"wp:term":[{"taxonomy":"category","embeddable":true,"href":"https:\/\/tvsensor.com\/api\/wp\/v2\/categories?post=1435"},{"taxonomy":"post_tag","embeddable":true,"href":"https:\/\/tvsensor.com\/api\/wp\/v2\/tags?post=1435"}],"curies":[{"name":"wp","href":"https:\/\/api.w.org\/{rel}","templated":true}]}}