{"id":14340,"date":"2019-10-25T16:04:58","date_gmt":"2019-10-25T16:04:58","guid":{"rendered":"https:\/\/senzor.ba\/?p=14340"},"modified":"2024-01-15T21:44:45","modified_gmt":"2024-01-15T20:44:45","slug":"video-godisnjica-ubistva-policajaca-tv1-pitao-gradane-osjecaju-li-se-sigurno-poslusajte-sta-kazu","status":"publish","type":"post","link":"https:\/\/tvsensor.com\/clanak\/video-godisnjica-ubistva-policajaca-tv1-pitao-gradane-osjecaju-li-se-sigurno-poslusajte-sta-kazu\/","title":{"rendered":"(VIDEO) Godi\u0161njica ubistva policajaca: TV1 pitao gra\u0111ane osje\u0107aju li se sigurno, poslu\u0161ajte \u0161ta ka\u017eu"},"content":{"rendered":"<p><strong>Sutra se navr\u0161ava godina dana od ubistva sarajevskih policajaca Adisa \u0160ehovi\u0107a i Davora Vujinovi\u0107a u sarajevskom naselju Alipa\u0161ino Polje.<\/strong><\/p>\n<p>Istra\u017eni organi isti\u010du da intenzivno rade na rasvjetljavanju ovog zlo\u010dina, ali ubice su i dan danas na slobodi\u2026<\/p>\n<p>Stanovnike Alipa\u0161inog Polja, dok prolaze pored mjesta na kojem su ubijeni policajci, ekipa TV1 je pitala da li se osje\u0107aju sigurnima.<\/p>\n<p>Poslu\u0161ajte \u0161ta ka\u017eu:<\/p>\n<p><iframe loading=\"lazy\" title=\"Godi\u0161njica ubistva policajaca: Pitali smo gra\u0111ane osje\u0107aju li se sigurno\" width=\"696\" height=\"392\" src=\"https:\/\/www.youtube.com\/embed\/kRkwutj6heU?feature=oembed\" frameborder=\"0\" allow=\"accelerometer; autoplay; clipboard-write; encrypted-media; gyroscope; picture-in-picture\" allowfullscreen><\/iframe><\/p>\n<p>TV1<\/p>\n","protected":false},"excerpt":{"rendered":"<p>Sutra se navr\u0161ava godina dana od ubistva sarajevskih policajaca Adisa \u0160ehovi\u0107a i Davora Vujinovi\u0107a u sarajevskom naselju Alipa\u0161ino Polje. Istra\u017eni organi isti\u010du da intenzivno rade na rasvjetljavanju ovog zlo\u010dina, ali ubice su i dan danas na slobodi\u2026 Stanovnike Alipa\u0161inog Polja, dok prolaze pored mjesta na kojem su ubijeni policajci, ekipa TV1 je pitala da li [&hellip;]<\/p>\n","protected":false},"author":59,"featured_media":14346,"comment_status":"open","ping_status":"closed","sticky":false,"template":"","format":"standard","meta":{"inline_featured_image":false,"footnotes":""},"categories":[38],"tags":[],"class_list":{"0":"post-14340","1":"post","2":"type-post","3":"status-publish","4":"format-standard","5":"has-post-thumbnail","7":"category-vijesti-iz-bih"},"acf":[],"_links":{"self":[{"href":"https:\/\/tvsensor.com\/api\/wp\/v2\/posts\/14340","targetHints":{"allow":["GET"]}}],"collection":[{"href":"https:\/\/tvsensor.com\/api\/wp\/v2\/posts"}],"about":[{"href":"https:\/\/tvsensor.com\/api\/wp\/v2\/types\/post"}],"author":[{"embeddable":true,"href":"https:\/\/tvsensor.com\/api\/wp\/v2\/users\/59"}],"replies":[{"embeddable":true,"href":"https:\/\/tvsensor.com\/api\/wp\/v2\/comments?post=14340"}],"version-history":[{"count":2,"href":"https:\/\/tvsensor.com\/api\/wp\/v2\/posts\/14340\/revisions"}],"predecessor-version":[{"id":14351,"href":"https:\/\/tvsensor.com\/api\/wp\/v2\/posts\/14340\/revisions\/14351"}],"wp:featuredmedia":[{"embeddable":true,"href":"https:\/\/tvsensor.com\/api\/wp\/v2\/media\/14346"}],"wp:attachment":[{"href":"https:\/\/tvsensor.com\/api\/wp\/v2\/media?parent=14340"}],"wp:term":[{"taxonomy":"category","embeddable":true,"href":"https:\/\/tvsensor.com\/api\/wp\/v2\/categories?post=14340"},{"taxonomy":"post_tag","embeddable":true,"href":"https:\/\/tvsensor.com\/api\/wp\/v2\/tags?post=14340"}],"curies":[{"name":"wp","href":"https:\/\/api.w.org\/{rel}","templated":true}]}}