{"id":14337,"date":"2019-10-25T15:51:00","date_gmt":"2019-10-25T15:51:00","guid":{"rendered":"https:\/\/senzor.ba\/?p=14337"},"modified":"2024-01-15T21:44:45","modified_gmt":"2024-01-15T20:44:45","slug":"muslimani-i-krscani-na-americko-meksickoj-granici-zajedno-se-mole-za-mir","status":"publish","type":"post","link":"https:\/\/tvsensor.com\/clanak\/muslimani-i-krscani-na-americko-meksickoj-granici-zajedno-se-mole-za-mir\/","title":{"rendered":"Muslimani i kr\u0161\u0107ani na ameri\u010dko-meksi\u010dkoj granici zajedno se mole za mir"},"content":{"rendered":"<p>Grupa muslimana i kr\u0161\u0107ana svakog mjeseca na ameri\u010dko-meksi\u010dkoj granici, u blizini San Diega, organizuje zajedni\u010dku molitvu za su\u017eivot i mir u svijetu, prenosi Anadolu Agency (AA).<\/p>\n<p>Sve je po\u010delo u aprilu ove godine kada se grupa muslimana odlu\u010dila pridru\u017eiti kr\u0161\u0107anskim vjernicima te su od tada jednom mjese\u010dno po\u010deli odr\u017eavati, kako su je nazvali, zajedni\u010dku molitvu.<\/p>\n<p>Kako pi\u0161e &#8220;Religion News Service (RNS)&#8221;, nerijetko se muslimanskim i kr\u0161\u0107anskim vjernicima u molitvi pridru\u017euju i Jevreji kao i druge osobe koje na sebi svojstven na\u010din \u017eele podr\u017eati ovu inicijativu za mir i solidarnost u svijetu.<\/p>\n<p>John Fanestil, pastor Metodisti\u010dke crkve u San Diegu, kazao je novinarima da ova me\u0111ureligijska solidarnost mo\u017ee biti primjer drugim zajednicama kako bi osna\u017eili dijalog i saradnju.<\/p>\n<p>&#8220;Ovo je mjesto ljudskih susreta, prijateljstva, miroljubivih odnosa, zajedni\u0161tva, solidarnosti&#8221;, kazao je Fanestil, osudiv\u0161i slu\u010dajeve deportacije na hiljade Meksikanaca.<\/p>\n<p>Sonia Garcia, osniva\u010dica Udru\u017eenja Latino-muslimani iz San Diega, istakla je da je ova inicijativa zajedni\u010dke molitve odli\u010dna prilika da u svijet po\u0161alju poruku mira i me\u0111ureligijske solidarnosti.<\/p>\n<p>&#8220;Ako ne budemo jedinstveni u nevolji, ne\u0107e se dogoditi nikakve promjene&#8221;, kazala je Garcia.<\/p>\n","protected":false},"excerpt":{"rendered":"<p>Grupa muslimana i kr\u0161\u0107ana svakog mjeseca na ameri\u010dko-meksi\u010dkoj granici, u blizini San Diega, organizuje zajedni\u010dku molitvu za su\u017eivot i mir u svijetu, prenosi Anadolu Agency (AA). Sve je po\u010delo u aprilu ove godine kada se grupa muslimana odlu\u010dila pridru\u017eiti kr\u0161\u0107anskim vjernicima te su od tada jednom mjese\u010dno po\u010deli odr\u017eavati, kako su je nazvali, zajedni\u010dku molitvu. [&hellip;]<\/p>\n","protected":false},"author":59,"featured_media":14338,"comment_status":"open","ping_status":"closed","sticky":false,"template":"","format":"standard","meta":{"inline_featured_image":false,"footnotes":""},"categories":[41],"tags":[],"class_list":{"0":"post-14337","1":"post","2":"type-post","3":"status-publish","4":"format-standard","5":"has-post-thumbnail","7":"category-svijet"},"acf":[],"_links":{"self":[{"href":"https:\/\/tvsensor.com\/api\/wp\/v2\/posts\/14337","targetHints":{"allow":["GET"]}}],"collection":[{"href":"https:\/\/tvsensor.com\/api\/wp\/v2\/posts"}],"about":[{"href":"https:\/\/tvsensor.com\/api\/wp\/v2\/types\/post"}],"author":[{"embeddable":true,"href":"https:\/\/tvsensor.com\/api\/wp\/v2\/users\/59"}],"replies":[{"embeddable":true,"href":"https:\/\/tvsensor.com\/api\/wp\/v2\/comments?post=14337"}],"version-history":[{"count":1,"href":"https:\/\/tvsensor.com\/api\/wp\/v2\/posts\/14337\/revisions"}],"predecessor-version":[{"id":14339,"href":"https:\/\/tvsensor.com\/api\/wp\/v2\/posts\/14337\/revisions\/14339"}],"wp:featuredmedia":[{"embeddable":true,"href":"https:\/\/tvsensor.com\/api\/wp\/v2\/media\/14338"}],"wp:attachment":[{"href":"https:\/\/tvsensor.com\/api\/wp\/v2\/media?parent=14337"}],"wp:term":[{"taxonomy":"category","embeddable":true,"href":"https:\/\/tvsensor.com\/api\/wp\/v2\/categories?post=14337"},{"taxonomy":"post_tag","embeddable":true,"href":"https:\/\/tvsensor.com\/api\/wp\/v2\/tags?post=14337"}],"curies":[{"name":"wp","href":"https:\/\/api.w.org\/{rel}","templated":true}]}}