{"id":14244,"date":"2019-10-22T16:51:30","date_gmt":"2019-10-22T16:51:30","guid":{"rendered":"https:\/\/senzor.ba\/?p=14244"},"modified":"2024-01-15T21:44:47","modified_gmt":"2024-01-15T20:44:47","slug":"foto-video-donosimo-vam-dio-atmosfere-sa-koncerta-armina-muzaferije-u-veroni","status":"publish","type":"post","link":"https:\/\/tvsensor.com\/clanak\/foto-video-donosimo-vam-dio-atmosfere-sa-koncerta-armina-muzaferije-u-veroni\/","title":{"rendered":"(FOTO + VIDEO) Donosimo vam dio atmosfere sa koncerta Armina Muzaferije u Veroni"},"content":{"rendered":"<p>Nakon Valencije (\u0160panija), Armin Muzaferija je u subotu, 18. oktobra odr\u017eao koncert u Veroni (Italija).<\/p>\n<p>Udru\u017eenje Mre\u017ea mladih Italija i d\u017eemat &#8220;Nur&#8221; pobrinuli su se da ovaj italijanski grad bude dijelom evropske turneje bosanskohercegova\u010dkog pjeva\u010da pop muzike, sevdaha i ilahija.<\/p>\n<div class=\"article hasRelatedCard hasRelatedImg hasRelatedCardBody hasRelatedHeader\">\n<div class=\"card\"><\/div>\n<\/div>\n<p>Mre\u017ea mladih Italija\u00a0je nastala 2019. godine u Veroni, na sjeveru Italije. Cilj ove organizacije je povezati omladinu iz svih gradova Italije, a koja je porijeklom iz Bosne i Hercegovine, i o\u010duvati bosanskohercegova\u010dku tradiciju u Italiji.<\/p>\n<p>Sa nama su podijelili nekoliko fotografija i videa sa koncerta, a kako skup Bosanaca i Hercegovaca u Veroni povodom koncerta Armina Muzaferije izgledao u subotu, pogledajte u galeriji i videima ispod.<\/p>\n<p>&#8211; Ko nije bio, ne zna \u0161ta je propustio, poru\u010dili su \u010dlanovi organizacije Mre\u017ea mladih Italija.<\/p>\n<p><a href=\"https:\/\/www.facebook.com\/mrezamladihitalija\/videos\/356745448415445\/\">https:\/\/www.facebook.com\/mrezamladihitalija\/videos\/356745448415445\/<\/a><\/p>\n<p><a href=\"https:\/\/www.facebook.com\/mrezamladihitalija\/videos\/2566529310105251\/\">https:\/\/www.facebook.com\/mrezamladihitalija\/videos\/2566529310105251\/<\/a><\/p>\n<p>MojaBiH<\/p>\n","protected":false},"excerpt":{"rendered":"<p>Nakon Valencije (\u0160panija), Armin Muzaferija je u subotu, 18. oktobra odr\u017eao koncert u Veroni (Italija). Udru\u017eenje Mre\u017ea mladih Italija i d\u017eemat &#8220;Nur&#8221; pobrinuli su se da ovaj italijanski grad bude dijelom evropske turneje bosanskohercegova\u010dkog pjeva\u010da pop muzike, sevdaha i ilahija. Mre\u017ea mladih Italija\u00a0je nastala 2019. godine u Veroni, na sjeveru Italije. Cilj ove organizacije je [&hellip;]<\/p>\n","protected":false},"author":59,"featured_media":14247,"comment_status":"open","ping_status":"closed","sticky":false,"template":"","format":"standard","meta":{"inline_featured_image":false,"footnotes":""},"categories":[48],"tags":[],"class_list":{"0":"post-14244","1":"post","2":"type-post","3":"status-publish","4":"format-standard","5":"has-post-thumbnail","7":"category-iz-fontane-muzicke-bastine"},"acf":[],"_links":{"self":[{"href":"https:\/\/tvsensor.com\/api\/wp\/v2\/posts\/14244","targetHints":{"allow":["GET"]}}],"collection":[{"href":"https:\/\/tvsensor.com\/api\/wp\/v2\/posts"}],"about":[{"href":"https:\/\/tvsensor.com\/api\/wp\/v2\/types\/post"}],"author":[{"embeddable":true,"href":"https:\/\/tvsensor.com\/api\/wp\/v2\/users\/59"}],"replies":[{"embeddable":true,"href":"https:\/\/tvsensor.com\/api\/wp\/v2\/comments?post=14244"}],"version-history":[{"count":1,"href":"https:\/\/tvsensor.com\/api\/wp\/v2\/posts\/14244\/revisions"}],"predecessor-version":[{"id":14248,"href":"https:\/\/tvsensor.com\/api\/wp\/v2\/posts\/14244\/revisions\/14248"}],"wp:featuredmedia":[{"embeddable":true,"href":"https:\/\/tvsensor.com\/api\/wp\/v2\/media\/14247"}],"wp:attachment":[{"href":"https:\/\/tvsensor.com\/api\/wp\/v2\/media?parent=14244"}],"wp:term":[{"taxonomy":"category","embeddable":true,"href":"https:\/\/tvsensor.com\/api\/wp\/v2\/categories?post=14244"},{"taxonomy":"post_tag","embeddable":true,"href":"https:\/\/tvsensor.com\/api\/wp\/v2\/tags?post=14244"}],"curies":[{"name":"wp","href":"https:\/\/api.w.org\/{rel}","templated":true}]}}