{"id":1424,"date":"2019-03-05T08:30:25","date_gmt":"2019-03-05T08:30:25","guid":{"rendered":"https:\/\/senzor.ba\/?p=1424"},"modified":"2024-01-15T21:49:43","modified_gmt":"2024-01-15T20:49:43","slug":"trinaest-restorana-iz-bih-ucestvuje-u-manifestaciji-okus-francuske-video","status":"publish","type":"post","link":"https:\/\/tvsensor.com\/clanak\/trinaest-restorana-iz-bih-ucestvuje-u-manifestaciji-okus-francuske-video\/","title":{"rendered":"Trinaest restorana iz BiH u\u010destvuje u manifestaciji &#8216;Okus Francuske&#8217; (VIDEO)"},"content":{"rendered":"\n<p>Trinaest restorana iz BiH odabrano je da\n 21. marta organizacijom ve\u010dera u\u010destvuje u manifestaciji &#8220;Okus \nFrancuske&#8221; koja \u0161irom svijeta slavi francusko kulinarstvo.<\/p>\n\n\n\n<p>Ambasador Francuske u BiH Guillaume \nRousson&nbsp;najavio je danas u Sarajevu da \u0107e glavni kuhari tih restorana \nosmisliti vlastite&nbsp;jelovnike inspirisane francuskom gastronomijom, uz \ndodatak odre\u0111enih specifi\u010dnosti lokalnih gastronomija.<\/p>\n\n\n\n<p>&#8211; Francuska gastronomija je prije \nnekoliko godina priznata kao dio UNESCO nematerijalne svijetske ba\u0161tine i\n ove godine oko 3.000 restorana \u0161irom svijeta u\u010destvuje u \nkulinarskoj&nbsp;menifestaciji &#8220;Okus Francuske&#8221; &#8211; pojasnio je&nbsp;Rousson.<\/p>\n\n\n\n<p>Okus Francuske je javni doga\u0111aj&nbsp;i \npredstavlja&nbsp;priliku za sve stanovnike Sarajeva, Banje Luke, Mostara, \nTuzle i \u0160irokog Brijega da posjete&nbsp;odabrane restorane, razli\u010ditih vrsta i\n cijena, i upoznaju se sa francuskim jelovnicima pripremljenim samo za \ntu priliku.<\/p>\n\n\n\n<p>Restorani koji su odabrani su&nbsp;Druga \nKu\u0107a,&nbsp;Plava Prizma &#8211; Hotel Radon,&nbsp;Mrvica Cafe Pekara,&nbsp;Restaurant 1984 &#8211; \nIbis Styles,&nbsp;The Fusion &#8211; Swissotel,&nbsp;Brasserie &#8211; Novotel Bristol, 180\u00b0 \nrestaurant &#8211; Tar\u010din Forest Resort (Sarajevo),&nbsp;Romanca (Mostar),&nbsp;Monogram\n (Banja Luka),&nbsp;MamaMia,&nbsp;Little Italy (Tuzla), te&nbsp;Domano &#8211; Hotel Park \n(\u0160iroki Brijeg).<\/p>\n\n\n\n<p>Cilj manifestacije &#8220;Okus Francuske&#8221; je  slavljenje francuskog kulinarstva, njegovog umije\u0107a i vrijednosti:  zajedni\u0161tva, u\u017eivanja i uva\u017eavanja kvalitete namirnica.<\/p>\n\n\n\n<figure class=\"wp-block-embed-youtube wp-block-embed is-type-video is-provider-youtube wp-embed-aspect-16-9 wp-has-aspect-ratio\"><div class=\"wp-block-embed__wrapper\">\n<iframe loading=\"lazy\" title=\"Trinaest restorana iz BiH u\u010destvuje u manifestaciji &#039;Okus Francuske&#039;\" width=\"696\" height=\"392\" src=\"https:\/\/www.youtube.com\/embed\/6oigUKDHhaQ?feature=oembed&#038;enablejsapi=1\" frameborder=\"0\" allow=\"accelerometer; autoplay; clipboard-write; encrypted-media; gyroscope; picture-in-picture\" allowfullscreen><\/iframe>\n<\/div><\/figure>\n","protected":false},"excerpt":{"rendered":"<p>Trinaest restorana iz BiH odabrano je da 21. marta organizacijom ve\u010dera u\u010destvuje u manifestaciji &#8220;Okus Francuske&#8221; koja \u0161irom svijeta slavi francusko kulinarstvo. Ambasador Francuske u BiH Guillaume Rousson&nbsp;najavio je danas u Sarajevu da \u0107e glavni kuhari tih restorana osmisliti vlastite&nbsp;jelovnike inspirisane francuskom gastronomijom, uz dodatak odre\u0111enih specifi\u010dnosti lokalnih gastronomija. &#8211; Francuska gastronomija je prije nekoliko [&hellip;]<\/p>\n","protected":false},"author":59,"featured_media":1425,"comment_status":"open","ping_status":"closed","sticky":false,"template":"","format":"standard","meta":{"inline_featured_image":false,"footnotes":""},"categories":[39,41,37,38],"tags":[],"class_list":{"0":"post-1424","1":"post","2":"type-post","3":"status-publish","4":"format-standard","5":"has-post-thumbnail","7":"category-dijaspora","8":"category-svijet","9":"category-vijesti","10":"category-vijesti-iz-bih"},"acf":[],"_links":{"self":[{"href":"https:\/\/tvsensor.com\/api\/wp\/v2\/posts\/1424","targetHints":{"allow":["GET"]}}],"collection":[{"href":"https:\/\/tvsensor.com\/api\/wp\/v2\/posts"}],"about":[{"href":"https:\/\/tvsensor.com\/api\/wp\/v2\/types\/post"}],"author":[{"embeddable":true,"href":"https:\/\/tvsensor.com\/api\/wp\/v2\/users\/59"}],"replies":[{"embeddable":true,"href":"https:\/\/tvsensor.com\/api\/wp\/v2\/comments?post=1424"}],"version-history":[{"count":1,"href":"https:\/\/tvsensor.com\/api\/wp\/v2\/posts\/1424\/revisions"}],"predecessor-version":[{"id":1426,"href":"https:\/\/tvsensor.com\/api\/wp\/v2\/posts\/1424\/revisions\/1426"}],"wp:featuredmedia":[{"embeddable":true,"href":"https:\/\/tvsensor.com\/api\/wp\/v2\/media\/1425"}],"wp:attachment":[{"href":"https:\/\/tvsensor.com\/api\/wp\/v2\/media?parent=1424"}],"wp:term":[{"taxonomy":"category","embeddable":true,"href":"https:\/\/tvsensor.com\/api\/wp\/v2\/categories?post=1424"},{"taxonomy":"post_tag","embeddable":true,"href":"https:\/\/tvsensor.com\/api\/wp\/v2\/tags?post=1424"}],"curies":[{"name":"wp","href":"https:\/\/api.w.org\/{rel}","templated":true}]}}