{"id":14238,"date":"2019-10-22T16:46:50","date_gmt":"2019-10-22T16:46:50","guid":{"rendered":"https:\/\/senzor.ba\/?p=14238"},"modified":"2024-01-15T21:44:48","modified_gmt":"2024-01-15T20:44:48","slug":"od-dostavljacice-novina-do-direktorice-svedske-kompanije-sigrid-therapeutics","status":"publish","type":"post","link":"https:\/\/tvsensor.com\/clanak\/od-dostavljacice-novina-do-direktorice-svedske-kompanije-sigrid-therapeutics\/","title":{"rendered":"Od dostavlja\u010dice novina do direktorice \u0161vedske kompanije Sigrid Therapeutics"},"content":{"rendered":"<p>Nedavno odr\u017eani Sarajevo Innovation Summit 2019. okupio je svjetska imena i stru\u010dnjake iz oblasti inovacija koji su kroz svoje pri\u010de pokazali na koji na\u010din se ideja mo\u017ee pretvoriti u inovaciju, a inovacija u biznis. Jedna od tih stru\u010dnjakinja bila je i 32-godi\u0161nja Sana Alajmovi\u0107, \u0160ve\u0111anka porijeklom iz BiH.<\/p>\n<p><strong>Cilj<\/strong><\/p>\n<p>U razgovoru za\u00a0<em>Oslobo\u0111enje<\/em>\u00a0Sana je mladima, odnosno svima onima koji imaju ideju poru\u010dila da ne odustaju, jer je ona mnogo puta mogla odustati, ali je vjerovala u sebe i danas je tu gdje jeste, direktorica je \u0161vedske kompanije Sigrid Therapeutics.<\/p>\n<p>Ipak, nije sve uvijek bilo lako ni jednostavno. Zbog rata Sana je s porodicom prvo izbjegla u Njema\u010dku, pa onda u \u0160vedsku.<\/p>\n<div class=\"article hasRelatedCard hasRelatedImg hasRelatedCardBody hasRelatedHeader\">\n<div class=\"card\"><\/div>\n<\/div>\n<p>&#8211; Kada sam do\u0161la u \u0160vedsku, ni\u0161ta nije bilo lako, za sve sam se morala boriti, pa sam s nepunih 12 godina po\u010dela raditi kao dostavlja\u010d novina, zatim u prodavnici u kojoj sam pakovala sendvi\u010de, a malo kasnije i u domu za stare. Da je bilo te\u0161ko, jeste, ali ja sam imala cilj, uspje\u0161no zavr\u0161iti \u0161kolovanje, ka\u017ee Sana.<\/p>\n<p>I u tome je uspjela. Nakon zavr\u0161ene srednje \u0161kole upisala je \u0160tokholmsku \u0161kolu za ekonomiju, koja je jedna od najboljih biznis-\u0161kola u Evropi, a poslije koje se na\u0161la pred dilemom postati ekonomista ili konsultant.<\/p>\n<p>&#8211; Po\u0161to mi matematika nikada nije ba\u0161 i\u0161la, okrenula sam se ne\u010dem drugom, tra\u017eila sam inspiraciju na drugom mjestu, istakla je Sana koju je \u0161kolovanje odvelo u New York, u kojem se okrenula pomo\u0107i i razvoju malih i srednjih preduze\u0107a, ali sve se to promijenilo u trenutku kada se razboljela.<\/p>\n<p>&#8211; Tek tada shvatite da sve ono \u0161to ste u\u010dili i \u0161to \u017eelite pada u vodu i samo vam je bitno da ste zdravi, ka\u017ee Sana koja se po povratku u \u0160vedsku fokusirala na to kako da pomogne ljudima upravo u oblasti zdravstva.<\/p>\n<div class=\"Article-centralEmbed\">\n<div class=\"Article-imageEmbed\">\n<figure style=\"width: 1920px\" class=\"wp-caption alignnone\"><img loading=\"lazy\" decoding=\"async\" src=\"https:\/\/mbapi.oslobodjenje.ba\/storage\/images\/7e46\/4efb\/4158\/278A2091.jpg\" alt=\"image\" width=\"1920\" height=\"2618\" \/><figcaption class=\"wp-caption-text\">Sarajevo Innovation Summit 2019 u Vije\u0107nici\/ Senad Gubeli\u0107<\/figcaption><\/figure>\n<\/div>\n<\/div>\n<p>&#8211; Me\u0111utim, nisam imala ideju, nisam inovator i krenula sam da upoznajem ljude koji se bave inovacijama. Zato sam se uklju\u010dila u inovatorsku zajednicu u Stockholmu koja finansijski poma\u017ee biznisima. Posje\u0107uju\u0107i neke od konferencija, upoznala sam profesora Torea Bengtssona, koji je svoj \u017eivot posvetio istra\u017eivanju dijabetesa. On je svojim radom do\u0161ao do rje\u0161enja baziranog na novom materijalu koji je u formi bijelog silikonskog praha, a koji koristi nanotehnologiju. Preparat se pije prije jela i djeluje u stomaku po principu da smanjuje apsorpciju masno\u0107a i \u0161e\u0107era u krv. Pridr\u017eavaju\u0107i se pravila kori\u0161tenja, ovaj proizvod sni\u017eava nivo \u0161e\u0107era u krvi kod osoba koje imaju rizik da razviju dijabetes tipa 2 do 70 posto. Kada sam vidjela njegovu inovaciju, predlo\u017eila sam mu da od toga napravimo biznis. Tako je nastala kompanija Sigrid Therapeutics, istakla je Sana.<\/p>\n<p>Profesor je i dalje zadu\u017een za razvoj biznisa koji bi u narednih nekoliko godina trebao da se lansira u cijelu Evropu, dok je Sana zadu\u017eena za marketing.<\/p>\n<p>&#8211; Mnogi me pitaju kako sam imala hrabrosti s 26 godina da se upustim u ne\u0161to takvo. Ka\u017eem im da jednostavno nisam htjela \u010dekati da neko drugi ne\u0161to poku\u0161a. Kada sam nai\u0161la na takvu ideju, koja nije ne\u0161to novo, ali koja \u0107e pomo\u0107i mnogima, odlu\u010dila sam da poku\u0161am i uspjela, istakla je Sana, dodaju\u0107i kako uspjeha vjerovatno ne bi bilo da \u0161vedska vlada nije prepoznala njihov rad i finansijski im pomogla.<\/p>\n<p>Nakon Vlade \u0160vedske u njen biznis su investirale i mnoge druge kompanije.<\/p>\n<p>&#8211; Kada tek po\u010dinje\u0161 i kada ima\u0161 inovaciju za koju \u0107e mo\u017eda trebati i deset godina da iza\u0111e na tr\u017ei\u0161te malo je onih koji \u017eele finansijski da te podr\u017ee. Mi smo imali sre\u0107e da dobijemo pomo\u0107 Vlade \u0160vedske, nakon \u010dega su se i privatni investitori osje\u0107ali sigurnije da u\u0111u u tu inovaciju, istakla je Sana.<\/p>\n<div class=\"article hasRelatedCard hasRelatedImg hasRelatedCardBody hasRelatedHeader\">\n<div class=\"card\"><\/div>\n<\/div>\n<p>Prema njenim rije\u010dima, inovacije su jako va\u017ene za ekonomiju svake zemlje, jer \u201cinovacija nije da samo izumi\u0161 neku novu tehnologiju. Nego da implementira\u0161 proces koji \u0107e donijeti neku novu vrijednost i rije\u0161iti neke specifi\u010dne probleme\u201d.<\/p>\n<p><strong>Kontakti<\/strong><\/p>\n<p>Sana je mladima u BiH poru\u010dila da ne gube nadu.<\/p>\n<p>&#8211; Vidim ovdje dosta dobrih ideja, dobrih inovacija, dobrih de\u0161avanja, posebno u sektoru IT-a. Digitalna era je omogu\u0107ila lak\u0161e kontakte \u0161irom svijeta i poru\u010dujem mladima da ne odustaju, da tra\u017ee, kontaktiraju s ljudima sli\u010dnog interesovanja, jer je lak\u0161e uspjeti kada niste sami, poru\u010dila je Sana.<\/p>\n<p>MojaBiH<\/p>\n","protected":false},"excerpt":{"rendered":"<p>Nedavno odr\u017eani Sarajevo Innovation Summit 2019. okupio je svjetska imena i stru\u010dnjake iz oblasti inovacija koji su kroz svoje pri\u010de pokazali na koji na\u010din se ideja mo\u017ee pretvoriti u inovaciju, a inovacija u biznis. Jedna od tih stru\u010dnjakinja bila je i 32-godi\u0161nja Sana Alajmovi\u0107, \u0160ve\u0111anka porijeklom iz BiH. Cilj U razgovoru za\u00a0Oslobo\u0111enje\u00a0Sana je mladima, odnosno [&hellip;]<\/p>\n","protected":false},"author":59,"featured_media":14241,"comment_status":"open","ping_status":"closed","sticky":false,"template":"","format":"standard","meta":{"inline_featured_image":false,"footnotes":""},"categories":[39],"tags":[],"class_list":{"0":"post-14238","1":"post","2":"type-post","3":"status-publish","4":"format-standard","5":"has-post-thumbnail","7":"category-dijaspora"},"acf":[],"_links":{"self":[{"href":"https:\/\/tvsensor.com\/api\/wp\/v2\/posts\/14238","targetHints":{"allow":["GET"]}}],"collection":[{"href":"https:\/\/tvsensor.com\/api\/wp\/v2\/posts"}],"about":[{"href":"https:\/\/tvsensor.com\/api\/wp\/v2\/types\/post"}],"author":[{"embeddable":true,"href":"https:\/\/tvsensor.com\/api\/wp\/v2\/users\/59"}],"replies":[{"embeddable":true,"href":"https:\/\/tvsensor.com\/api\/wp\/v2\/comments?post=14238"}],"version-history":[{"count":1,"href":"https:\/\/tvsensor.com\/api\/wp\/v2\/posts\/14238\/revisions"}],"predecessor-version":[{"id":14245,"href":"https:\/\/tvsensor.com\/api\/wp\/v2\/posts\/14238\/revisions\/14245"}],"wp:featuredmedia":[{"embeddable":true,"href":"https:\/\/tvsensor.com\/api\/wp\/v2\/media\/14241"}],"wp:attachment":[{"href":"https:\/\/tvsensor.com\/api\/wp\/v2\/media?parent=14238"}],"wp:term":[{"taxonomy":"category","embeddable":true,"href":"https:\/\/tvsensor.com\/api\/wp\/v2\/categories?post=14238"},{"taxonomy":"post_tag","embeddable":true,"href":"https:\/\/tvsensor.com\/api\/wp\/v2\/tags?post=14238"}],"curies":[{"name":"wp","href":"https:\/\/api.w.org\/{rel}","templated":true}]}}