{"id":1421,"date":"2019-03-05T08:24:56","date_gmt":"2019-03-05T08:24:56","guid":{"rendered":"https:\/\/senzor.ba\/?p=1421"},"modified":"2024-01-15T21:49:43","modified_gmt":"2024-01-15T20:49:43","slug":"tuka-zadovoljan-sam-nastupom-u-glasgowu-ovo-sto-radim-tek-ce-dati-rezultate","status":"publish","type":"post","link":"https:\/\/tvsensor.com\/clanak\/tuka-zadovoljan-sam-nastupom-u-glasgowu-ovo-sto-radim-tek-ce-dati-rezultate\/","title":{"rendered":"Tuka: Zadovoljan sam nastupom u Glasgowu, ovo \u0161to radim tek \u0107e dati rezultate"},"content":{"rendered":"\n<p>\nBosanskohercegova\u010dki\n atleti\u010dar Amel Tuka zadovoljan je nastupom na Evropskom dvoranskom \nprvenstvu u Glasgowu, gdje je u kona\u010dnici osvojio \u0161esto mjesto u utrci \nna 800 metara.\n&nbsp;\n                    <\/p>\n\n\n\n<p>&#8220;Imao sam tri \ntrke u tri dana \u0161to je bilo jako naporno, a izme\u0111u ostalog u dvije trke \nsam tr\u010dao 1:47 \u0161to je jako dobro za dvoranu. Na kraju sam se plasirao u \nfinale \u0161to mi je prije svega i bio cilj prije dolaska u Glasgow. Hvala \nBogu, zdrav sam \u0161to mi je najva\u017enije, iza\u0161ao sam iz ovog takmi\u010denja \nzdrav&#8221;, kazao je Tuka, podsje\u0107aju\u0107i da je prethodno EP u dvorani u \nBeogradu zavr\u0161ilo na druga\u010diji na\u010din.<br> <br> Poseban je osje\u0107aj, kako \nka\u017ee, vratiti se ponovo na stazu i o\u010dekuje da \u0107e sve ovo \u0161to sada radi \ntek dati rezultate tokom ljetnoj dijela sezone. Dodaje da \u0107e nakon EP-a \nodmoriti sedam do deset dana, nakon \u010dega \u0107e uslijediti pripreme za \nljetni dio sezone.<br> <br> &#8220;Osje\u0107am se dobro i ove trke su mi pokazale \nda sam na dobrom putu da sve ove promjene \u0161to sam uveo daju ve\u0107 sada \nrezultate. Jedva \u010dekam ljetni dio sezone, imam puno motiva da treniram&#8221;,\n zaklju\u010dio je bh. srednjepruga\u0161.<\/p>\n","protected":false},"excerpt":{"rendered":"<p>Bosanskohercegova\u010dki atleti\u010dar Amel Tuka zadovoljan je nastupom na Evropskom dvoranskom prvenstvu u Glasgowu, gdje je u kona\u010dnici osvojio \u0161esto mjesto u utrci na 800 metara. &nbsp; &#8220;Imao sam tri trke u tri dana \u0161to je bilo jako naporno, a izme\u0111u ostalog u dvije trke sam tr\u010dao 1:47 \u0161to je jako dobro za dvoranu. Na kraju [&hellip;]<\/p>\n","protected":false},"author":59,"featured_media":1422,"comment_status":"open","ping_status":"closed","sticky":false,"template":"","format":"standard","meta":{"inline_featured_image":false,"footnotes":""},"categories":[64,61],"tags":[],"class_list":{"0":"post-1421","1":"post","2":"type-post","3":"status-publish","4":"format-standard","5":"has-post-thumbnail","7":"category-ostalo","8":"category-sport"},"acf":[],"_links":{"self":[{"href":"https:\/\/tvsensor.com\/api\/wp\/v2\/posts\/1421","targetHints":{"allow":["GET"]}}],"collection":[{"href":"https:\/\/tvsensor.com\/api\/wp\/v2\/posts"}],"about":[{"href":"https:\/\/tvsensor.com\/api\/wp\/v2\/types\/post"}],"author":[{"embeddable":true,"href":"https:\/\/tvsensor.com\/api\/wp\/v2\/users\/59"}],"replies":[{"embeddable":true,"href":"https:\/\/tvsensor.com\/api\/wp\/v2\/comments?post=1421"}],"version-history":[{"count":1,"href":"https:\/\/tvsensor.com\/api\/wp\/v2\/posts\/1421\/revisions"}],"predecessor-version":[{"id":1423,"href":"https:\/\/tvsensor.com\/api\/wp\/v2\/posts\/1421\/revisions\/1423"}],"wp:featuredmedia":[{"embeddable":true,"href":"https:\/\/tvsensor.com\/api\/wp\/v2\/media\/1422"}],"wp:attachment":[{"href":"https:\/\/tvsensor.com\/api\/wp\/v2\/media?parent=1421"}],"wp:term":[{"taxonomy":"category","embeddable":true,"href":"https:\/\/tvsensor.com\/api\/wp\/v2\/categories?post=1421"},{"taxonomy":"post_tag","embeddable":true,"href":"https:\/\/tvsensor.com\/api\/wp\/v2\/tags?post=1421"}],"curies":[{"name":"wp","href":"https:\/\/api.w.org\/{rel}","templated":true}]}}