{"id":1418,"date":"2019-03-05T08:21:16","date_gmt":"2019-03-05T08:21:16","guid":{"rendered":"https:\/\/senzor.ba\/?p=1418"},"modified":"2024-01-15T21:49:43","modified_gmt":"2024-01-15T20:49:43","slug":"ugovorili-saradnju-sa-njemackim-partnerom-i-otvorili-novi-pogon","status":"publish","type":"post","link":"https:\/\/tvsensor.com\/clanak\/ugovorili-saradnju-sa-njemackim-partnerom-i-otvorili-novi-pogon\/","title":{"rendered":"Ugovorili saradnju sa njema\u010dkim partnerom i otvorili novi pogon"},"content":{"rendered":"\n<h4 class=\"wp-block-heading\">Fabrika obu\u0107e \u201cDermal\u201d nastavlja sa pro\u0161irenjem proizvodnje \notvaranjem jo\u0161 jednog pogona u Kotor Varo\u0161u u kojem je planirano \nzapo\u0161ljavanje 150 novih radnika.<\/h4>\n\n\n\n<p>Vlasnik i direktor \u201cDermala\u201d Radenko Bubi\u0107 rekao je za \u201cMoj Kotor  Varo\u0161\u201d da je novi proizvodni pogon ure\u0111en u jednoj od hala nekada\u0161njeg  \u201cProleksa\u201d.<\/p>\n\n\n\n<p>\u2013 Renovirali smo jo\u0161 jednu halu i dobili 1.500 metara kvadratnih \nprostora za novi proizvodni pogon. Priveli smo kraju montiranje \nproizvodne opreme i sutra \u0107e po\u010deti proizvodnja i u ovom pogonu \u2013 \nistakao je Bubi\u0107.<\/p>\n\n\n\n<p>Prema njegovim rije\u010dima, \u201cDermal\u201d bilje\u017ei stalni rast obima \nugovorenih poslova, \u0161to je rezultiralo i pove\u0107anjem proizvodnih \nkapaciteta.<\/p>\n\n\n\n<p>\u2013 Ugovorili smo proizvodnju sa jednim renomiranim njema\u010dkim partnerom\n i zbog toga je bilo neophodno da pove\u0107amo i proizvodni kapacitet. Plan \nje da u novom pogonu zaposlimo 150 radnika, a vrata \u201cDermala\u201d su \nkonstantno otvorena za radnu snagu \u2013 kazao je Bubi\u0107 za kotorvaro\u0161ki \nportal.<\/p>\n\n\n\n<p>\u201cDermal\u201d je do sada u pogonima u Kotor Varo\u0161u i Kne\u017eevu zapo\u0161ljavao \noko 800 radnika, a sa novim \u0107e se pribli\u017eiti broju od 1.000 zaposlenih \npo \u010demu je ubjedljivo najve\u0107i doma\u0107i poslodavac u Kotor Varo\u0161u.<\/p>\n\n\n\n<p>Kotorvaro\u0161ka fabrika proizvodi obu\u0107u za renomirane svjetske proizvo\u0111a\u010de, a njenu namjensku obu\u0107u nose \u010dak i ameri\u010dki vatrogasci.<\/p>\n\n\n\n<p><\/p>\n","protected":false},"excerpt":{"rendered":"<p>Fabrika obu\u0107e \u201cDermal\u201d nastavlja sa pro\u0161irenjem proizvodnje otvaranjem jo\u0161 jednog pogona u Kotor Varo\u0161u u kojem je planirano zapo\u0161ljavanje 150 novih radnika. Vlasnik i direktor \u201cDermala\u201d Radenko Bubi\u0107 rekao je za \u201cMoj Kotor Varo\u0161\u201d da je novi proizvodni pogon ure\u0111en u jednoj od hala nekada\u0161njeg \u201cProleksa\u201d. \u2013 Renovirali smo jo\u0161 jednu halu i dobili 1.500 [&hellip;]<\/p>\n","protected":false},"author":59,"featured_media":1419,"comment_status":"open","ping_status":"closed","sticky":false,"template":"","format":"standard","meta":{"inline_featured_image":false,"footnotes":""},"categories":[43,42],"tags":[],"class_list":{"0":"post-1418","1":"post","2":"type-post","3":"status-publish","4":"format-standard","5":"has-post-thumbnail","7":"category-bih","8":"category-ekonomija"},"acf":[],"_links":{"self":[{"href":"https:\/\/tvsensor.com\/api\/wp\/v2\/posts\/1418","targetHints":{"allow":["GET"]}}],"collection":[{"href":"https:\/\/tvsensor.com\/api\/wp\/v2\/posts"}],"about":[{"href":"https:\/\/tvsensor.com\/api\/wp\/v2\/types\/post"}],"author":[{"embeddable":true,"href":"https:\/\/tvsensor.com\/api\/wp\/v2\/users\/59"}],"replies":[{"embeddable":true,"href":"https:\/\/tvsensor.com\/api\/wp\/v2\/comments?post=1418"}],"version-history":[{"count":1,"href":"https:\/\/tvsensor.com\/api\/wp\/v2\/posts\/1418\/revisions"}],"predecessor-version":[{"id":1420,"href":"https:\/\/tvsensor.com\/api\/wp\/v2\/posts\/1418\/revisions\/1420"}],"wp:featuredmedia":[{"embeddable":true,"href":"https:\/\/tvsensor.com\/api\/wp\/v2\/media\/1419"}],"wp:attachment":[{"href":"https:\/\/tvsensor.com\/api\/wp\/v2\/media?parent=1418"}],"wp:term":[{"taxonomy":"category","embeddable":true,"href":"https:\/\/tvsensor.com\/api\/wp\/v2\/categories?post=1418"},{"taxonomy":"post_tag","embeddable":true,"href":"https:\/\/tvsensor.com\/api\/wp\/v2\/tags?post=1418"}],"curies":[{"name":"wp","href":"https:\/\/api.w.org\/{rel}","templated":true}]}}