{"id":14179,"date":"2019-10-20T09:35:22","date_gmt":"2019-10-20T09:35:22","guid":{"rendered":"https:\/\/senzor.ba\/?p=14179"},"modified":"2024-01-15T21:44:50","modified_gmt":"2024-01-15T20:44:50","slug":"prica-o-gorstaku-iz-gorazda-od-vukova-golim-rukama-otimao-ovce","status":"publish","type":"post","link":"https:\/\/tvsensor.com\/clanak\/prica-o-gorstaku-iz-gorazda-od-vukova-golim-rukama-otimao-ovce\/","title":{"rendered":"Pri\u010da o gor\u0161taku iz Gora\u017eda: Od vukova golim rukama otimao ovce"},"content":{"rendered":"<p><em>\u201cMene je povukla \u017eelja ovdje. Do\u0161\u2019o sam u 14. godini \u017eivota i ja mislim da \u0107u tu i ostati ako Bog da. Mene ne interesuje grad, mene interesuje rad, stoka, da se mo\u017ee fino \u017eivjeti. Jo\u0161 malo ova vlast da pogleda nas mlade momke i ostale ljude, da nam pomognu s ma\u0161inama i mi se ne bi \u017ealili. A ne \u017ealimo se ni sad\u201c, ka\u017ee u razgovoru za Anadolu Agency (AA) Fahrudin.<\/em><\/p>\n<p>\u017divi sa roditeljima, koji su ve\u0107 naru\u0161enog zdravlja. Osim \u0161to brine o stoci pripremio je i ve\u0107u zalihu drveta, jer o\u010dekuje hladnu i dugu zimu koja na oko 1.100 metara nadmorske visine po\u010dinje ranije. Njegov radni dan po\u010dinje rano ujutro, a zavr\u0161ava kasno nave\u010de.<\/p>\n<figure class=\"wp-block-image\"><img decoding=\"async\" class=\"wp-image-37140\" src=\"https:\/\/static.hayat.ba\/2019\/10\/Fahrudin-Bogdanic-AA-2-1024x683.jpg\" sizes=\"(max-width: 1024px) 100vw, 1024px\" srcset=\"https:\/\/static.hayat.ba\/2019\/10\/Fahrudin-Bogdanic-AA-2-1024x683.jpg 1024w, https:\/\/static.hayat.ba\/2019\/10\/Fahrudin-Bogdanic-AA-2-300x200.jpg 300w, https:\/\/static.hayat.ba\/2019\/10\/Fahrudin-Bogdanic-AA-2-768x512.jpg 768w, https:\/\/static.hayat.ba\/2019\/10\/Fahrudin-Bogdanic-AA-2-696x464.jpg 696w, https:\/\/static.hayat.ba\/2019\/10\/Fahrudin-Bogdanic-AA-2-1068x712.jpg 1068w, https:\/\/static.hayat.ba\/2019\/10\/Fahrudin-Bogdanic-AA-2-630x420.jpg 630w, https:\/\/static.hayat.ba\/2019\/10\/Fahrudin-Bogdanic-AA-2.jpg 1500w\" alt=\"\" \/><\/figure>\n<p><em>\u201cOd zore do mraka, eto ti. Moraju se ovce da \u010duvaju dva puta dnevno. Izjutra ih pustim oko pola sedam, nekad u sedam. \u010cuvam do 12, zatvorim i u tri opet pustim. Nave\u010de do \u0161est, pola sedam. \u017divi se, radi se, devera se. Navikne se \u010dovjek na sve. Hodam i preko stijena, brdima, \u010ditav Petibor \u010duvam ja, ovamo kod kom\u0161ija na Borak Brdu \u2026 Nekih 20-30 kilometara pre\u0111e\u0161 dnevno, do\u0111e\u0161 ku\u0107i, malo odmori\u0161 noge i onda opet pusti\u0161 poslije podne. I tako 20 godina\u201c, s osmijehom pri\u010da Fahrudin.<\/em><\/p>\n<p>Po\u010deo je sa nekoliko, a danas ima cijelo stado ovaca. Jagnjadi bez problema proda, jer malo je sto\u010dara u ovom kraju a potra\u017enja je velika.<\/p>\n<p><em>\u201cPo\u010deo sam 2000. godine u martu mjesecu sa tri- \u010detiri ovce, a evo, hvala dragom Allahu d\u017e. \u0161., sa upornim radom sad imam i dvije krave i nekih sto ovaca, a imam ne\u0161to i tu\u0111ih, za jednog prijatelja \u010duvam. Pola svog \u017eivota i vi\u0161e bavim se sa stokom. S kravama, s ovcama, nema kakve \u017eivotinje nemam. Imam i koke, imam i keradi, imam sve\u201c, obja\u0161njava Fahrudin Bogdani\u0107.<\/em><\/p>\n<p>Potrebne su mu ma\u0161ine, jer nema kosa\u010dice, pa travu koja je ove godine izdala mora ru\u010dno kositi i su\u0161iti, pa i kupiti od kom\u0161ija kako bi je imao dovoljno preko zime. Od vlasti je, pokazuje nam, dobio samo ru\u010dna kolica, civare koje su zahr\u0111ale pa je morao kupiti nove. Zimi mora biti dodatno oprezan, jer u potrazi za hranom i divlje \u017eivotinje \u010de\u0161\u0107e napadaju.<\/p>\n<figure class=\"wp-block-image\"><img decoding=\"async\" class=\"wp-image-37141\" src=\"https:\/\/static.hayat.ba\/2019\/10\/Fahrudin-Bogdanic-AA-4-1024x683.jpg\" sizes=\"(max-width: 1024px) 100vw, 1024px\" srcset=\"https:\/\/static.hayat.ba\/2019\/10\/Fahrudin-Bogdanic-AA-4-1024x683.jpg 1024w, https:\/\/static.hayat.ba\/2019\/10\/Fahrudin-Bogdanic-AA-4-300x200.jpg 300w, https:\/\/static.hayat.ba\/2019\/10\/Fahrudin-Bogdanic-AA-4-768x512.jpg 768w, https:\/\/static.hayat.ba\/2019\/10\/Fahrudin-Bogdanic-AA-4-696x464.jpg 696w, https:\/\/static.hayat.ba\/2019\/10\/Fahrudin-Bogdanic-AA-4-1068x712.jpg 1068w, https:\/\/static.hayat.ba\/2019\/10\/Fahrudin-Bogdanic-AA-4-630x420.jpg 630w, https:\/\/static.hayat.ba\/2019\/10\/Fahrudin-Bogdanic-AA-4.jpg 1500w\" alt=\"\" \/><\/figure>\n<p><em>\u201cSa svakom sam se \u017eivotinjom suo\u010dav\u2019o, samo nisam sa medvjedom. Gonio sam i lisice, otim\u2019o koko\u0161i. Evo, unazad tri dana dolazila je lisica, odnijela mi tri horoza. Mora i ona od ne\u010deg da \u017eivi. Ja opet imam dva, elhamdulillah, bi\u0107e jo\u0161 dogodine. Vuka sam jedne godine, kad sam jako po\u010dinj\u2019o \u010duvati, kad sam im\u2019o pet-\u0161est ovaca, gonio do na kraj livade. Oteo sam mu ovcu, vuk je oti\u0161\u2019o gladan, a ja sam vratio ovcu na le\u0111ima u stado. To mi je prvi do\u017eivljaj bio. Jedino \u0161to sam ga vidio na televiziji, nikad ga nisam vidio u\u017eivo. Ali eto, hvala dragom Allahu d\u017e.\u0161., otjerao sam ga preko livade i na moju sre\u0107u nije nap\u2019o ni mene, a ovcu je pustio i vratio sam je u stado\u201d, prisje\u0107a se Bogdani\u0107.<\/em><\/p>\n<p>Medvjede jo\u0161 nije sretao, ali je u Otricevu, s druge strane Petibora, ve\u0107 napao stado ovaca kod povratnika koji je u sli\u010dnoj situaciji kao Fahrudin. Radi se o divljoj \u017eivotinji koja je strogo za\u0161ti\u0107ena aktuelnim zakonskim propisima.<\/p>\n<figure class=\"wp-block-image\"><img decoding=\"async\" class=\"wp-image-37142\" src=\"https:\/\/static.hayat.ba\/2019\/10\/Fahrudin-Bogdanic-AA-3-1024x683.jpg\" sizes=\"(max-width: 1024px) 100vw, 1024px\" srcset=\"https:\/\/static.hayat.ba\/2019\/10\/Fahrudin-Bogdanic-AA-3-1024x683.jpg 1024w, https:\/\/static.hayat.ba\/2019\/10\/Fahrudin-Bogdanic-AA-3-300x200.jpg 300w, https:\/\/static.hayat.ba\/2019\/10\/Fahrudin-Bogdanic-AA-3-768x512.jpg 768w, https:\/\/static.hayat.ba\/2019\/10\/Fahrudin-Bogdanic-AA-3-696x464.jpg 696w, https:\/\/static.hayat.ba\/2019\/10\/Fahrudin-Bogdanic-AA-3-1068x712.jpg 1068w, https:\/\/static.hayat.ba\/2019\/10\/Fahrudin-Bogdanic-AA-3-630x420.jpg 630w, https:\/\/static.hayat.ba\/2019\/10\/Fahrudin-Bogdanic-AA-3.jpg 1500w\" alt=\"\" \/><\/figure>\n<p><em>\u201c\u010covjek nema sredstava, isto k\u2019o ni ja, da n\u2019ak\u2019e \u010dobanice nabavlja, tu struju da to ometa. Mo\u017ee i meni do\u0107i kad god ho\u0107e, u po dana, ovdje sam na samku. Po no\u0107i da i ne govorim. Evo 20 godina meni dolazio nije, a samo nas dijeli jedno brdo. Meni kad bi do\u0161\u2019o ja bih udario na njega. Nek\u2019 satre i mene, ja ne bih mog\u2019o gledati stoku da tare. Ne mo\u017ee\u0161 20 godina ne\u0161ta graditi i da ti do\u0111e. Me\u0111ed za\u0161ti\u0107en, a mi nismo. \u0160ta smo mi? I mi smo, bar mi na selu, jedna vrsta \u017eivotinje. Mi smo neka vrsta \u017eivotinje, a dolje su ljudi u gradu. I ja sam \u017eivotinja, nema \u0161ta me nije tralo\u201d, ka\u017ee Fahrudin.<\/em><\/p>\n<p>Ponavlja svoju jedinu \u017eelju, da dobije ma\u0161inu s kojom bi kosio i prevozio travu, ali ne samo on ve\u0107 i kom\u0161ije koje su u sli\u010dnoj situaciji. A kom\u0161ija je sve manje, jer svi istu muku mu\u010de, imaju volju, ali snage sve manje, pa brojna sela u okolini postepeno ostaju prazna.<\/p>\n","protected":false},"excerpt":{"rendered":"<p>\u201cMene je povukla \u017eelja ovdje. Do\u0161\u2019o sam u 14. godini \u017eivota i ja mislim da \u0107u tu i ostati ako Bog da. Mene ne interesuje grad, mene interesuje rad, stoka, da se mo\u017ee fino \u017eivjeti. Jo\u0161 malo ova vlast da pogleda nas mlade momke i ostale ljude, da nam pomognu s ma\u0161inama i mi se [&hellip;]<\/p>\n","protected":false},"author":59,"featured_media":14180,"comment_status":"open","ping_status":"closed","sticky":false,"template":"","format":"standard","meta":{"inline_featured_image":false,"footnotes":""},"categories":[56],"tags":[],"class_list":{"0":"post-14179","1":"post","2":"type-post","3":"status-publish","4":"format-standard","5":"has-post-thumbnail","7":"category-zanimljivosti"},"acf":[],"_links":{"self":[{"href":"https:\/\/tvsensor.com\/api\/wp\/v2\/posts\/14179","targetHints":{"allow":["GET"]}}],"collection":[{"href":"https:\/\/tvsensor.com\/api\/wp\/v2\/posts"}],"about":[{"href":"https:\/\/tvsensor.com\/api\/wp\/v2\/types\/post"}],"author":[{"embeddable":true,"href":"https:\/\/tvsensor.com\/api\/wp\/v2\/users\/59"}],"replies":[{"embeddable":true,"href":"https:\/\/tvsensor.com\/api\/wp\/v2\/comments?post=14179"}],"version-history":[{"count":3,"href":"https:\/\/tvsensor.com\/api\/wp\/v2\/posts\/14179\/revisions"}],"predecessor-version":[{"id":14183,"href":"https:\/\/tvsensor.com\/api\/wp\/v2\/posts\/14179\/revisions\/14183"}],"wp:featuredmedia":[{"embeddable":true,"href":"https:\/\/tvsensor.com\/api\/wp\/v2\/media\/14180"}],"wp:attachment":[{"href":"https:\/\/tvsensor.com\/api\/wp\/v2\/media?parent=14179"}],"wp:term":[{"taxonomy":"category","embeddable":true,"href":"https:\/\/tvsensor.com\/api\/wp\/v2\/categories?post=14179"},{"taxonomy":"post_tag","embeddable":true,"href":"https:\/\/tvsensor.com\/api\/wp\/v2\/tags?post=14179"}],"curies":[{"name":"wp","href":"https:\/\/api.w.org\/{rel}","templated":true}]}}