{"id":14172,"date":"2019-10-19T15:51:17","date_gmt":"2019-10-19T15:51:17","guid":{"rendered":"https:\/\/senzor.ba\/?p=14172"},"modified":"2024-01-15T21:44:50","modified_gmt":"2024-01-15T20:44:50","slug":"ribrendiranje-i-umivanje-cetnistva-u-rs-u","status":"publish","type":"post","link":"https:\/\/tvsensor.com\/clanak\/ribrendiranje-i-umivanje-cetnistva-u-rs-u\/","title":{"rendered":"Ribrendiranje i umivanje \u010detni\u0161tva u RS-u"},"content":{"rendered":"<p>U Kulturnom centru Banski dvor u Banjaluci, u prepunoj sali, pred 450 ljudi, prije neki dan, prikazan je opskurni dokumentarni film Milosava Samard\u017ei\u0107a o \u010detni\u010dkom komandantu\u00a0<strong>Dra\u017ei Mihailovi\u0107u<\/strong>.<\/p>\n<p>Da je sala imala 4.500, a ne 450 mjesta, opet bi bila premala. Ribrendiranje i umivanje \u010detni\u0161tva u RS-u i Banjaluci, uzelo je toliko maha, da je postala stvar \u201edobrog manira\u201c prisustvovati ovoj i sli\u010dnim istorijskim podmeta\u010dinama.<\/p>\n<p>Na\u0161ao se tako na promociji i biv\u0161i oficir JNA i paroh i novope\u010deni tajkun i jugonostalgi\u010dar i vlast i opozicija. Jednom rije\u010dju galimatijas, naizgled nespojiv, udru\u017een oko nakaradne ideje da su \u010detnici i partizani jedno te isto, a da je Dra\u017ea \u201cprvi gerilac-oslobodilac u porobljenoj Evropi\u201d.<\/p>\n<p>To \u0161to je taj gerilac bio direktni kolaboracionista i saradnik okupatora, to \u0161to su njegove trupe sa SS juri\u0161nicima na Neretvi ubijali ranjene partizane, to \u0161to su pobili i zatrli sve nesrpsko od Dinare do Isto\u010dne Bosne, to \u0161to je od \u010detni\u010dke kame stradao doktor Mladen Stojanovi\u0107-manje je bitno.<\/p>\n<p>Ispravka-to je BA\u0160 BITNO. Jer ako imate ve\u0107inu naroda koji \u0161tuje Karad\u017ei\u0107a i Mladi\u0107a kao ratne heroje, ako imate podastrtu svjetinu koja glorifikuje lik i djelo ovih zlo\u010dinaca, a koji su u nebo uzdizalu \u010detnike i njihovu ideologiju, veza je o\u010digledna! Grdna i nastrana, ali o\u010digledna. Narod u kokardama i \u0161ajka\u010dama prepoznaje i Dra\u017eu i njegove jednako kao \u0161to prepoznaje Karad\u017ei\u0107a i njegove. I divi im se do debilizma. Ni\u0161ta \u010dudno \u0161to Banjaluka ima ulice \u010detnika Drenovi\u0107a i ostalih ubica dr Mladena Stojanovi\u0107a.<\/p>\n<p>Pa je u kona\u010dnici ova premijera filma koji fabrikuje istoriju, vi\u0161e bila banjalu\u010dki mejnstrim ivent no kojem se vidjelo ko je ko u \u010dar\u0161iji.<\/p>\n<h4>Mlada nada \u010detni\u010dkog stada<\/h4>\n<p>A velim, ogromna ve\u0107ina je \u010detni\u010dki obojena.<\/p>\n<p>I zato se nemojte \u010duditi, kada poslije ovakvog naci hepeninga pro\u010ditate ovakvu re\u010denicu:<\/p>\n<p>\u201eDra\u017ein patriotizam i danas mo\u017ee biti zvijezda vodilja. Oni koji bivaju progla\u0161avani za izdajnike \u010desto postaju nacionalni heroji.\u201c<\/p>\n<p>Ovo nije izjavio neki bradati, pijani, krezavi rudiment sa kokardom na glavi nego prva opoziciona politi\u010darka u RS-u Jelena Trivi\u0107. I ona bi, navodno, trebala biti ta \u201cnova snaga\u201d, koja \u0107e potencijalno ru\u0161iti Dodika i njegove? Ali, zapravo \u017ealosno je \u0161to su ona i njeni opozicionari zapravo iskonski ideolo\u0161ki \u010detnici.<\/p>\n<p>Milion puta sam ponovio i opet \u0107u &#8211; Na vlasti u RS-u su kriminalci koji bi voljeli da su \u010detnici, a opozicija su \u010detnici koji bi silno voljeli da su ponovo u redovima kriminalaca na vlasti.<\/p>\n<p>Jo\u0161 preciznije neka ideolo\u0161ka opozicija u RS-u (\u010dast izuzecima) NE POSTOJI!<\/p>\n<p>To je bu\u0107kuri\u0161 neotajkuna i onih koji se iskreno raduju kada ih identifikjete sa \u010detnicima.<\/p>\n<p>A za one koji jo\u0161 uvijek ne vjeruju da je Trivi\u0107 rekla to \u0161to je rekla evo i njenog ingenioznog poja\u0161njenja u kome sve \u201cprave\u201d Srbe izjedna\u010dava sa \u010detnicima dok se sprda sa istorijom:<\/p>\n<p>\u201eDrago mi je \u0161to su mnogi od vas pokazali svoje pravo lice, a to je da su za njih dobri Srbi samo oni koji pori\u010du svoju nacionalnu pripadnost. Ja to ne \u017eelim da radim. Stvari koje sam napisala su \u010dinjenice, istorijske \u010dinjenice.\u201c<\/p>\n<p>Dakle, za Jelenu Trivi\u0107 nema dileme- dobar Srbin je i onaj koji se divi \u010detnicima. (Sic!)<\/p>\n<p>Ali za\u0161to je to tako?<\/p>\n<h4>Samo jak \u010detnik pobje\u0111uje na izborima<\/h4>\n<p>Na sceni je jedna vrsta ribrendinga od strane lokalnih marketin\u0161kih agencija, koje \u201cumivaju\u201d opoziciju u RS-u. Ali ne onako kako bi to zdravom razumu bilo blisko, nego naprotiv-retrogradno i \u0161ovenski. A, za\u0161to pa sad to?<\/p>\n<p>Zato \u0161to samo dovoljno velik \u010detnik (hipoteti\u010dki) mo\u017ee da porazi (po)\u010detnika Dodika. Posve jednostavno u \u010detniklendu. Naopako ali jednostavno.<\/p>\n<p>I ne sumnjajte ni \u010dasa da je Trivi\u0107ka ovom izjavom profitirala-dobila je mnogo vi\u0161e sljedbenika, nego \u0161to ih je izgubila. Od fakulteta gdje predaje do \u010dar\u0161ije-jer su i fakultet i \u010dar\u0161ija odavno \u010detni\u010dki inkubatori.<\/p>\n<p>Pa onda imamo jednu tako apsurdnu situaciju u RS-u u kojoj treba da birate izme\u0111u \u010detnika i \u010detnika. Zvu\u010di poznato? Da, tako je u Srbiji. I tako nastaje stabilokratija. Tako je Me\u0111unarodna zajednica (\u0161ta god to zna\u010dilo) upristojila Vu\u010di\u0107a, koji zaista pored neofa\u0161iste Obradovi\u0107a izgleda pristojno.<\/p>\n<p>Ho\u0107e li ista situacija zadesiti RS, pa da bahati Dodik izgleda OK pored manifestnih \u010detnika? U\u017easno je to i pomisliti, ali sa impotencijom bilo kakve lijeve gra\u0111anske opcije u Banjaluci, gotovo je izvjesno da \u0107emo gledati takav izborni scenario.<\/p>\n<p>Jednostavnije re\u010deno izborna 2020. u RS-u bi\u0107e \u010detni\u010dki skok udalj.<\/p>\n<p>I ni\u0161ta preciznije ne opisuje retrogradnu ideolo\u0161ku mizeriju u Banjaluci od rije\u010di aktuelnog srpskog patrijarha Irineja, koji je na opskurnom skupu uru\u010dio orden Dodiku:<\/p>\n<p>\u201ePoslije Dodika, do\u0107i \u0107e neki drugi Dodik\u201c, re\u010denica je to koja ozna\u010dava svu srpsku tragediju u ova dva vijeka &#8211; zato \u0161to je, na \u017ealost, ta\u010dna i zato \u0161to je intonirana kao nekakva pozitivnost i afirmacija.<\/p>\n<p>I poslije Dodika-Dodik, u nekom novom spolja\u0161njem ruhu i navijek istim profa\u0161isti\u010dkim uzusima i regulama.<\/p>\n<p><em>Izvor: Al Jazeera<\/em><\/p>\n","protected":false},"excerpt":{"rendered":"<p>U Kulturnom centru Banski dvor u Banjaluci, u prepunoj sali, pred 450 ljudi, prije neki dan, prikazan je opskurni dokumentarni film Milosava Samard\u017ei\u0107a o \u010detni\u010dkom komandantu\u00a0Dra\u017ei Mihailovi\u0107u. Da je sala imala 4.500, a ne 450 mjesta, opet bi bila premala. Ribrendiranje i umivanje \u010detni\u0161tva u RS-u i Banjaluci, uzelo je toliko maha, da je postala [&hellip;]<\/p>\n","protected":false},"author":59,"featured_media":14173,"comment_status":"open","ping_status":"closed","sticky":false,"template":"","format":"standard","meta":{"inline_featured_image":false,"footnotes":""},"categories":[76],"tags":[],"class_list":{"0":"post-14172","1":"post","2":"type-post","3":"status-publish","4":"format-standard","5":"has-post-thumbnail","7":"category-kolumne"},"acf":[],"_links":{"self":[{"href":"https:\/\/tvsensor.com\/api\/wp\/v2\/posts\/14172","targetHints":{"allow":["GET"]}}],"collection":[{"href":"https:\/\/tvsensor.com\/api\/wp\/v2\/posts"}],"about":[{"href":"https:\/\/tvsensor.com\/api\/wp\/v2\/types\/post"}],"author":[{"embeddable":true,"href":"https:\/\/tvsensor.com\/api\/wp\/v2\/users\/59"}],"replies":[{"embeddable":true,"href":"https:\/\/tvsensor.com\/api\/wp\/v2\/comments?post=14172"}],"version-history":[{"count":1,"href":"https:\/\/tvsensor.com\/api\/wp\/v2\/posts\/14172\/revisions"}],"predecessor-version":[{"id":14174,"href":"https:\/\/tvsensor.com\/api\/wp\/v2\/posts\/14172\/revisions\/14174"}],"wp:featuredmedia":[{"embeddable":true,"href":"https:\/\/tvsensor.com\/api\/wp\/v2\/media\/14173"}],"wp:attachment":[{"href":"https:\/\/tvsensor.com\/api\/wp\/v2\/media?parent=14172"}],"wp:term":[{"taxonomy":"category","embeddable":true,"href":"https:\/\/tvsensor.com\/api\/wp\/v2\/categories?post=14172"},{"taxonomy":"post_tag","embeddable":true,"href":"https:\/\/tvsensor.com\/api\/wp\/v2\/tags?post=14172"}],"curies":[{"name":"wp","href":"https:\/\/api.w.org\/{rel}","templated":true}]}}