{"id":1399,"date":"2019-03-04T14:50:32","date_gmt":"2019-03-04T14:50:32","guid":{"rendered":"https:\/\/senzor.ba\/?p=1399"},"modified":"2024-01-15T21:49:44","modified_gmt":"2024-01-15T20:49:44","slug":"bosanci-i-hercegovci-u-chicagu-amerika-nam-je-dala-nadu-i-slobodu-ali-bih-je-nase-srce","status":"publish","type":"post","link":"https:\/\/tvsensor.com\/clanak\/bosanci-i-hercegovci-u-chicagu-amerika-nam-je-dala-nadu-i-slobodu-ali-bih-je-nase-srce\/","title":{"rendered":"Bosanci i Hercegovci u Chicagu: Amerika nam je dala nadu i slobodu, ali BiH je na\u0161e srce"},"content":{"rendered":"\n<p> Bosanskohercegova\u010dka zajednica u Chicagu pod  pokroviteljstvom udru\u017eenja &#8220;Friends of Prijedor&#8221; priredila je sve\u010danu  akademiju povodom Dana nezavisnosti BiH. <\/p>\n\n\n\n<ul class=\"wp-block-gallery columns-3 is-cropped wp-block-gallery-1 is-layout-flex wp-block-gallery-is-layout-flex\"><li><figure><img loading=\"lazy\" decoding=\"async\" width=\"1024\" height=\"683\" src=\"https:\/\/tvsensor.com\/wp-content\/uploads\/2019\/03\/bosnian-001-1024x683.jpg\" alt=\"\" class=\"wp-image-1400\" srcset=\"https:\/\/tvsensor.com\/wp-content\/uploads\/2019\/03\/bosnian-001-1024x683.jpg 1024w, https:\/\/tvsensor.com\/wp-content\/uploads\/2019\/03\/bosnian-001-300x200.jpg 300w, https:\/\/tvsensor.com\/wp-content\/uploads\/2019\/03\/bosnian-001-768x512.jpg 768w, https:\/\/tvsensor.com\/wp-content\/uploads\/2019\/03\/bosnian-001-500x333.jpg 500w, https:\/\/tvsensor.com\/wp-content\/uploads\/2019\/03\/bosnian-001-480x320.jpg 480w, https:\/\/tvsensor.com\/wp-content\/uploads\/2019\/03\/bosnian-001-280x186.jpg 280w, https:\/\/tvsensor.com\/wp-content\/uploads\/2019\/03\/bosnian-001-960x640.jpg 960w, https:\/\/tvsensor.com\/wp-content\/uploads\/2019\/03\/bosnian-001-600x400.jpg 600w, https:\/\/tvsensor.com\/wp-content\/uploads\/2019\/03\/bosnian-001-585x390.jpg 585w, https:\/\/tvsensor.com\/wp-content\/uploads\/2019\/03\/bosnian-001.jpg 1200w\" sizes=\"auto, (max-width: 1024px) 100vw, 1024px\" \/><\/figure><\/li><li><figure><img loading=\"lazy\" decoding=\"async\" width=\"1024\" height=\"683\" src=\"https:\/\/tvsensor.com\/wp-content\/uploads\/2019\/03\/bosnian-002-1024x683.jpg\" alt=\"\" class=\"wp-image-1401\" srcset=\"https:\/\/tvsensor.com\/wp-content\/uploads\/2019\/03\/bosnian-002-1024x683.jpg 1024w, https:\/\/tvsensor.com\/wp-content\/uploads\/2019\/03\/bosnian-002-300x200.jpg 300w, https:\/\/tvsensor.com\/wp-content\/uploads\/2019\/03\/bosnian-002-768x512.jpg 768w, https:\/\/tvsensor.com\/wp-content\/uploads\/2019\/03\/bosnian-002-500x333.jpg 500w, https:\/\/tvsensor.com\/wp-content\/uploads\/2019\/03\/bosnian-002-480x320.jpg 480w, https:\/\/tvsensor.com\/wp-content\/uploads\/2019\/03\/bosnian-002-280x186.jpg 280w, https:\/\/tvsensor.com\/wp-content\/uploads\/2019\/03\/bosnian-002-960x640.jpg 960w, https:\/\/tvsensor.com\/wp-content\/uploads\/2019\/03\/bosnian-002-600x400.jpg 600w, https:\/\/tvsensor.com\/wp-content\/uploads\/2019\/03\/bosnian-002-585x390.jpg 585w, https:\/\/tvsensor.com\/wp-content\/uploads\/2019\/03\/bosnian-002.jpg 1200w\" sizes=\"auto, (max-width: 1024px) 100vw, 1024px\" \/><\/figure><\/li><li><figure><img loading=\"lazy\" decoding=\"async\" width=\"1024\" height=\"683\" src=\"https:\/\/tvsensor.com\/wp-content\/uploads\/2019\/03\/bosnian-003-1024x683.jpg\" alt=\"\" class=\"wp-image-1403\" srcset=\"https:\/\/tvsensor.com\/wp-content\/uploads\/2019\/03\/bosnian-003-1024x683.jpg 1024w, https:\/\/tvsensor.com\/wp-content\/uploads\/2019\/03\/bosnian-003-300x200.jpg 300w, https:\/\/tvsensor.com\/wp-content\/uploads\/2019\/03\/bosnian-003-768x512.jpg 768w, https:\/\/tvsensor.com\/wp-content\/uploads\/2019\/03\/bosnian-003-500x333.jpg 500w, https:\/\/tvsensor.com\/wp-content\/uploads\/2019\/03\/bosnian-003-480x320.jpg 480w, https:\/\/tvsensor.com\/wp-content\/uploads\/2019\/03\/bosnian-003-280x186.jpg 280w, https:\/\/tvsensor.com\/wp-content\/uploads\/2019\/03\/bosnian-003-960x640.jpg 960w, https:\/\/tvsensor.com\/wp-content\/uploads\/2019\/03\/bosnian-003-600x400.jpg 600w, https:\/\/tvsensor.com\/wp-content\/uploads\/2019\/03\/bosnian-003-585x390.jpg 585w, https:\/\/tvsensor.com\/wp-content\/uploads\/2019\/03\/bosnian-003.jpg 1200w\" sizes=\"auto, (max-width: 1024px) 100vw, 1024px\" \/><\/figure><\/li><li><figure><img loading=\"lazy\" decoding=\"async\" width=\"1024\" height=\"683\" src=\"https:\/\/tvsensor.com\/wp-content\/uploads\/2019\/03\/bosnian-006-1024x683.jpg\" alt=\"\" class=\"wp-image-1404\" srcset=\"https:\/\/tvsensor.com\/wp-content\/uploads\/2019\/03\/bosnian-006-1024x683.jpg 1024w, https:\/\/tvsensor.com\/wp-content\/uploads\/2019\/03\/bosnian-006-300x200.jpg 300w, https:\/\/tvsensor.com\/wp-content\/uploads\/2019\/03\/bosnian-006-768x512.jpg 768w, https:\/\/tvsensor.com\/wp-content\/uploads\/2019\/03\/bosnian-006-500x333.jpg 500w, https:\/\/tvsensor.com\/wp-content\/uploads\/2019\/03\/bosnian-006-480x320.jpg 480w, https:\/\/tvsensor.com\/wp-content\/uploads\/2019\/03\/bosnian-006-280x186.jpg 280w, https:\/\/tvsensor.com\/wp-content\/uploads\/2019\/03\/bosnian-006-960x640.jpg 960w, https:\/\/tvsensor.com\/wp-content\/uploads\/2019\/03\/bosnian-006-600x400.jpg 600w, https:\/\/tvsensor.com\/wp-content\/uploads\/2019\/03\/bosnian-006-585x390.jpg 585w, https:\/\/tvsensor.com\/wp-content\/uploads\/2019\/03\/bosnian-006.jpg 1200w\" sizes=\"auto, (max-width: 1024px) 100vw, 1024px\" \/><\/figure><\/li><li><figure><img loading=\"lazy\" decoding=\"async\" width=\"1024\" height=\"683\" src=\"https:\/\/tvsensor.com\/wp-content\/uploads\/2019\/03\/bosnian-007-1024x683.jpg\" alt=\"\" class=\"wp-image-1405\" srcset=\"https:\/\/tvsensor.com\/wp-content\/uploads\/2019\/03\/bosnian-007-1024x683.jpg 1024w, https:\/\/tvsensor.com\/wp-content\/uploads\/2019\/03\/bosnian-007-300x200.jpg 300w, https:\/\/tvsensor.com\/wp-content\/uploads\/2019\/03\/bosnian-007-768x512.jpg 768w, https:\/\/tvsensor.com\/wp-content\/uploads\/2019\/03\/bosnian-007-500x333.jpg 500w, https:\/\/tvsensor.com\/wp-content\/uploads\/2019\/03\/bosnian-007-480x320.jpg 480w, https:\/\/tvsensor.com\/wp-content\/uploads\/2019\/03\/bosnian-007-280x186.jpg 280w, https:\/\/tvsensor.com\/wp-content\/uploads\/2019\/03\/bosnian-007-960x640.jpg 960w, https:\/\/tvsensor.com\/wp-content\/uploads\/2019\/03\/bosnian-007-600x400.jpg 600w, https:\/\/tvsensor.com\/wp-content\/uploads\/2019\/03\/bosnian-007-585x390.jpg 585w, https:\/\/tvsensor.com\/wp-content\/uploads\/2019\/03\/bosnian-007.jpg 1200w\" sizes=\"auto, (max-width: 1024px) 100vw, 1024px\" \/><\/figure><\/li><li><figure><img loading=\"lazy\" decoding=\"async\" width=\"1024\" height=\"683\" src=\"https:\/\/tvsensor.com\/wp-content\/uploads\/2019\/03\/bosnian-016-1-1024x683.jpg\" alt=\"\" class=\"wp-image-1406\" srcset=\"https:\/\/tvsensor.com\/wp-content\/uploads\/2019\/03\/bosnian-016-1-1024x683.jpg 1024w, https:\/\/tvsensor.com\/wp-content\/uploads\/2019\/03\/bosnian-016-1-300x200.jpg 300w, https:\/\/tvsensor.com\/wp-content\/uploads\/2019\/03\/bosnian-016-1-768x512.jpg 768w, https:\/\/tvsensor.com\/wp-content\/uploads\/2019\/03\/bosnian-016-1-500x333.jpg 500w, https:\/\/tvsensor.com\/wp-content\/uploads\/2019\/03\/bosnian-016-1-480x320.jpg 480w, https:\/\/tvsensor.com\/wp-content\/uploads\/2019\/03\/bosnian-016-1-280x186.jpg 280w, https:\/\/tvsensor.com\/wp-content\/uploads\/2019\/03\/bosnian-016-1-960x640.jpg 960w, https:\/\/tvsensor.com\/wp-content\/uploads\/2019\/03\/bosnian-016-1-600x400.jpg 600w, https:\/\/tvsensor.com\/wp-content\/uploads\/2019\/03\/bosnian-016-1-585x390.jpg 585w, https:\/\/tvsensor.com\/wp-content\/uploads\/2019\/03\/bosnian-016-1.jpg 1200w\" sizes=\"auto, (max-width: 1024px) 100vw, 1024px\" \/><\/figure><\/li><li><figure><img loading=\"lazy\" decoding=\"async\" width=\"1024\" height=\"683\" src=\"https:\/\/tvsensor.com\/wp-content\/uploads\/2019\/03\/bosnian-021-1024x683.jpg\" alt=\"\" class=\"wp-image-1407\" srcset=\"https:\/\/tvsensor.com\/wp-content\/uploads\/2019\/03\/bosnian-021-1024x683.jpg 1024w, https:\/\/tvsensor.com\/wp-content\/uploads\/2019\/03\/bosnian-021-300x200.jpg 300w, https:\/\/tvsensor.com\/wp-content\/uploads\/2019\/03\/bosnian-021-768x512.jpg 768w, https:\/\/tvsensor.com\/wp-content\/uploads\/2019\/03\/bosnian-021-500x333.jpg 500w, https:\/\/tvsensor.com\/wp-content\/uploads\/2019\/03\/bosnian-021-480x320.jpg 480w, https:\/\/tvsensor.com\/wp-content\/uploads\/2019\/03\/bosnian-021-280x186.jpg 280w, https:\/\/tvsensor.com\/wp-content\/uploads\/2019\/03\/bosnian-021-960x640.jpg 960w, https:\/\/tvsensor.com\/wp-content\/uploads\/2019\/03\/bosnian-021-600x400.jpg 600w, https:\/\/tvsensor.com\/wp-content\/uploads\/2019\/03\/bosnian-021-585x390.jpg 585w, https:\/\/tvsensor.com\/wp-content\/uploads\/2019\/03\/bosnian-021.jpg 1200w\" sizes=\"auto, (max-width: 1024px) 100vw, 1024px\" \/><\/figure><\/li><\/ul>\n\n\n\n<p>\nU vi\u0161esatnom bogatom programu u Depaul \nUniverzitetu Bosanci i Hercegovci u\u017eivali su u projekciji dva filma: \nPutovanje Bosnom i arhivski film Sarajevo 84, a prisutnim se obratio i \nspecijalni gost Mirsad Duratovi\u0107, vije\u0107nik u Skup\u0161tini grada Prijedora.<br><\/p>\n\n\n\n<figure class=\"wp-block-image\"><img decoding=\"async\" src=\"https:\/\/mbapi.oslobodjenje.ba\/storage\/images\/c22e\/7994\/1698\/bosnian-118.jpg\" alt=\"image\" \/><\/figure>\n\n\n\n<p> &#8211; Ja sam ve\u010deras posebno ponosan na maladu grupu ljudi koji su  organizirali ovaj ve\u010dera\u0161nji program i duboko im se zahvaljujem.  Na\u017ealost, sa nama ve\u010deras, iz opravdanih razloga, nije \u010dlan  predsjedni\u0161tva \u017deljko Kom\u0161i\u0107, ali tu je na\u0161 omiljeni prijatelj &#8211;  gospodin Mirsad Duratovi\u0107. Gospodin Kom\u0161i\u0107 je ve\u0107 izrazio \u017eelju da bude  na\u0161 gost za Dan dr\u017eavnosti u novembru. Mi smo imali velike pote\u0161ko\u0107e  tokom organizacije ovog obilje\u017eavanja Dana nezavisnosti. Pored problema u  vezi logistike i obezbje\u0111enja, imali smo i problem sa ovom institucijom  u vezi iznajmljivanje ovog prostora. <\/p>\n\n\n\n<p>\nNaime, nekoliko nepoznatih osoba su konstantno \nzvale Depaul i protestirale zbog dolaska \u017deljka Kom\u0161i\u0107a, navode\u0107i da on \nlegitimno ne predstavlja ve\u0107inu hrvatskog naroda u BiH. Ovaj slu\u010daj je \ntako do\u0161ao i do State Departmenta, koji je potvrdio da je sve uredu i da\n gospodin Kom\u0161i\u0107 mo\u017ee biti gost na na\u0161em doga\u0111aju. Me\u0111utim, desilo se \n\u0161ta se desilo, i zbog spore uspostave vlasti u Bosni i Hercegovini, \nsve\u010danog prijema povodom Dana Nezavisnosti u predsjedni\u0161tvu, a ne zbog \novih drugih kojima smeta nezavisna i suverena Bosna i Hercegovina i \nnjeni legitimni predstavnici, rekao je Mirsad \u010cau\u0161evi\u0107 iz organizacije \n&#8220;Friends of Prijedor&#8221;.<br><\/p>\n\n\n\n<figure class=\"wp-block-image\"><img decoding=\"async\" src=\"https:\/\/mbapi.oslobodjenje.ba\/storage\/images\/c22e\/7994\/1705\/bosnian-202.jpg\" alt=\"image\" \/><\/figure>\n\n\n\n<p>\nGrupa mladih intelektualaca koju \u010dine Haris \nD\u017eubur, Semir Deli\u0107, Adela Isovi\u0107, Asja Omeralovi\u0107, Majda Jakupovi\u0107, \nAdmir Mehanovi\u0107, Ahmedin \u0160pijodi\u0107 i Amina Ahmetovi\u0107 ima najve\u0107u zaslugu \n\u0161to je Dan nezavisnosti na sve\u010dan na\u010din obilje\u017een u Chicagu.<br><\/p>\n\n\n\n<figure class=\"wp-block-image\"><img decoding=\"async\" src=\"https:\/\/mbapi.oslobodjenje.ba\/storage\/images\/c22e\/7994\/1706\/bosnian-203.jpg\" alt=\"image\" \/><\/figure>\n\n\n\n<p> &#8211; Organizovali smo ovaj doga\u0111aj, jer \u017eelimo da  prije svega odamo po\u010dast svim generacijama prije nas koje su nezavisnost  domovine branile kroz hiljadugodi\u0161nju istoriju, zatim da budemo primjer  na\u0161oj generaciji kako se voli i \u010duva domovina ma gdje se trenutno mi  nalazili i na kraju ono najbitnije da ovdje u Chicagu, ali i SAD-u  ostavimo putokaz i u\u010dvrstimo vezu sa domovinom generaciji koja dolazi.  Odlu\u010dili smo organizovati Dan nezavisnost, jer je Bosna i Hercegovina u  na\u0161im srcima. Do\u0161li smo u SAD kada smo svi bili vrlo mladi sa malo  sje\u0107anja na na\u0161u domovinu. Me\u0111utim, ljubav prema na\u0161oj zemlji je usa\u0111ena  u nas od ro\u0111enja. Amerika nas je ljubazno do\u010dekala sa ra\u0161irenim rukama i  u\u010dinila da se osje\u0107amo sigurno. Amerika nam je dala nadu, slobodu i  sposobnost da ostvarimo na\u0161a osnovna ljudska prava, ali Bosna i  Hercegovina je na\u0161e srce i koliko god nas stvarnost politi\u010dke situacije u  BiH boli, lojalni smo na\u0161oj domovini i na\u0161oj prvoj ljubavi. BiH je u  na\u0161oj krvi. Mi volimo na\u0161u domovinu. Ponosni smo na Bosnu i Hercegovinu.  Toliko toga \u017eelimo da uradimo i postignemo, a to mo\u017eemo posti\u0107i samo  kroz kolektivnu akciju i napor. Organizovali smo ovaj doga\u0111aj, jer  \u017eelimo da budemo primjer generacijama koje dolazi poslije nas. Svakome  je potreban uzor i mnoga mlada djeca imaju ve\u0107u vjerojatnost da uspiju  ako ih usmjeravamo u pogledu zajedni\u0161tva i podr\u0161ke kako roditelja, tako i  zajednice .To je na\u0161 mali dio, na\u0161a mala akcija u ostvarenju sna. Mi ne  biramo roditelje i mjesto ro\u0111enja, ali mo\u017eemo da biramo svoju  budu\u0107nost. Zajedni\u010dkim snagama i radom sa na\u0161om zajednicom ovdje u  Chicagu i Bosni i Hercegovini ja\u010damo domovinu i stvaramo uslove za bolju  i ljep\u0161u budu\u0107nost za sve nas, poru\u010dila je ova grupa mladih iz  udru\u017eenja &#8220;Friends of Prijedor&#8221;. <\/p>\n\n\n\n<p> Sve fotografije sa doga\u0111aja pogledajte <a href=\"http:\/\/friendsofprijedor.com\/mladi-bosanci-i-hercegovci-na-proslavi-dana-nezavisnosti-u-chicagu-amerika-nam-je-dala-nadu-i-slobodu-ali-bih-je-nase-srce\/?fbclid=IwAR2h5utvWxQKyp_yxG_-Bx41OQ509nt4rPLJFcUh504n_4OfXrgYA6JQH3A\" target=\"_blank\" rel=\"noopener\"><strong>ovdje<\/strong><\/a>. <\/p>\n","protected":false},"excerpt":{"rendered":"<p>Bosanskohercegova\u010dka zajednica u Chicagu pod pokroviteljstvom udru\u017eenja &#8220;Friends of Prijedor&#8221; priredila je sve\u010danu akademiju povodom Dana nezavisnosti BiH. U vi\u0161esatnom bogatom programu u Depaul Univerzitetu Bosanci i Hercegovci u\u017eivali su u projekciji dva filma: Putovanje Bosnom i arhivski film Sarajevo 84, a prisutnim se obratio i specijalni gost Mirsad Duratovi\u0107, vije\u0107nik u Skup\u0161tini grada Prijedora. [&hellip;]<\/p>\n","protected":false},"author":59,"featured_media":1402,"comment_status":"open","ping_status":"closed","sticky":false,"template":"","format":"standard","meta":{"inline_featured_image":false,"footnotes":""},"categories":[39,37],"tags":[],"class_list":{"0":"post-1399","1":"post","2":"type-post","3":"status-publish","4":"format-standard","5":"has-post-thumbnail","7":"category-dijaspora","8":"category-vijesti"},"acf":[],"_links":{"self":[{"href":"https:\/\/tvsensor.com\/api\/wp\/v2\/posts\/1399","targetHints":{"allow":["GET"]}}],"collection":[{"href":"https:\/\/tvsensor.com\/api\/wp\/v2\/posts"}],"about":[{"href":"https:\/\/tvsensor.com\/api\/wp\/v2\/types\/post"}],"author":[{"embeddable":true,"href":"https:\/\/tvsensor.com\/api\/wp\/v2\/users\/59"}],"replies":[{"embeddable":true,"href":"https:\/\/tvsensor.com\/api\/wp\/v2\/comments?post=1399"}],"version-history":[{"count":2,"href":"https:\/\/tvsensor.com\/api\/wp\/v2\/posts\/1399\/revisions"}],"predecessor-version":[{"id":35727,"href":"https:\/\/tvsensor.com\/api\/wp\/v2\/posts\/1399\/revisions\/35727"}],"wp:featuredmedia":[{"embeddable":true,"href":"https:\/\/tvsensor.com\/api\/wp\/v2\/media\/1402"}],"wp:attachment":[{"href":"https:\/\/tvsensor.com\/api\/wp\/v2\/media?parent=1399"}],"wp:term":[{"taxonomy":"category","embeddable":true,"href":"https:\/\/tvsensor.com\/api\/wp\/v2\/categories?post=1399"},{"taxonomy":"post_tag","embeddable":true,"href":"https:\/\/tvsensor.com\/api\/wp\/v2\/tags?post=1399"}],"curies":[{"name":"wp","href":"https:\/\/api.w.org\/{rel}","templated":true}]}}