{"id":1381,"date":"2019-03-04T10:32:52","date_gmt":"2019-03-04T10:32:52","guid":{"rendered":"https:\/\/senzor.ba\/?p=1381"},"modified":"2024-01-15T21:49:45","modified_gmt":"2024-01-15T20:49:45","slug":"mladi-iz-bih-u-norveskoj-osnovali-udruzenje","status":"publish","type":"post","link":"https:\/\/tvsensor.com\/clanak\/mladi-iz-bih-u-norveskoj-osnovali-udruzenje\/","title":{"rendered":"Mladi iz BiH u Norve\u0161koj osnovali udru\u017eenje"},"content":{"rendered":"\n<p>Osniva\u010dka sjednica Skup\u0161tine Udru\u017eenja mladih \u201eBujrum\u201c, \u010diji je cilj \nokupiti mlade ljude porijeklom iz BiH u Norve\u0161koj, odr\u017eana je u Ambasadi\n BiH u Oslu.\n<\/p>\n\n\n\n<p>Kako je istaknuto, svrha ovakvog organiziranja je izgradnja \ndru\u0161tvene, poslovne, stru\u010dne i kulturne mre\u017ee me\u0111u mladim Bosancima i \nHercegovcima koji \u017eive u Norve\u0161koj.\n<\/p>\n\n\n\n<p>Udru\u017eenje organizira radionice i druge doga\u0111aje koji se bave \nrelevantnim temama iz biznisa i kulture, ali i onih zabavnog karaktera. \nTako\u0111er, Udru\u017eenje \u0107e sara\u0111ivati i s drugim sli\u010dnim organizacijama i \nudru\u017eenjima. Ve\u0107 je organizirano nekoliko skupova na kojima su \nsudjelovali mladi ljudi porijeklom iz BiH, a koji \u017eive u Norve\u0161koj.\n<\/p>\n\n\n\n<p>Cilj skupa u Ambasadi BiH bilo je i predstavljanje planova \nUdru\u017eenja \u010diji su osniva\u010di Mina Hajdarovi\u0107, Adnan Mari\u0107, Lejla Halilagi\u0107\n i Alma Velagi\u0107.\n<\/p>\n\n\n\n<p>Ambasador BiH u Norve\u0161koj Nedim Makarevi\u0107 je pozdravio uspostavu \nudru\u017eenja mladih te naglasio va\u017enost odr\u017eavanja veza s domovinom, \ndodaju\u0107i kako su upravo mladi ambasadori BiH u zemljama u kojima \u017eive. \nAmbasador Makarevi\u0107 postao je i po\u010dasni \u010dlan Udru\u017eenja \u201eBujrum\u201c.<\/p>\n","protected":false},"excerpt":{"rendered":"<p>Osniva\u010dka sjednica Skup\u0161tine Udru\u017eenja mladih \u201eBujrum\u201c, \u010diji je cilj okupiti mlade ljude porijeklom iz BiH u Norve\u0161koj, odr\u017eana je u Ambasadi BiH u Oslu. Kako je istaknuto, svrha ovakvog organiziranja je izgradnja dru\u0161tvene, poslovne, stru\u010dne i kulturne mre\u017ee me\u0111u mladim Bosancima i Hercegovcima koji \u017eive u Norve\u0161koj. Udru\u017eenje organizira radionice i druge doga\u0111aje koji se [&hellip;]<\/p>\n","protected":false},"author":59,"featured_media":1382,"comment_status":"open","ping_status":"closed","sticky":false,"template":"","format":"standard","meta":{"inline_featured_image":false,"footnotes":""},"categories":[39,37],"tags":[],"class_list":{"0":"post-1381","1":"post","2":"type-post","3":"status-publish","4":"format-standard","5":"has-post-thumbnail","7":"category-dijaspora","8":"category-vijesti"},"acf":[],"_links":{"self":[{"href":"https:\/\/tvsensor.com\/api\/wp\/v2\/posts\/1381","targetHints":{"allow":["GET"]}}],"collection":[{"href":"https:\/\/tvsensor.com\/api\/wp\/v2\/posts"}],"about":[{"href":"https:\/\/tvsensor.com\/api\/wp\/v2\/types\/post"}],"author":[{"embeddable":true,"href":"https:\/\/tvsensor.com\/api\/wp\/v2\/users\/59"}],"replies":[{"embeddable":true,"href":"https:\/\/tvsensor.com\/api\/wp\/v2\/comments?post=1381"}],"version-history":[{"count":1,"href":"https:\/\/tvsensor.com\/api\/wp\/v2\/posts\/1381\/revisions"}],"predecessor-version":[{"id":1383,"href":"https:\/\/tvsensor.com\/api\/wp\/v2\/posts\/1381\/revisions\/1383"}],"wp:featuredmedia":[{"embeddable":true,"href":"https:\/\/tvsensor.com\/api\/wp\/v2\/media\/1382"}],"wp:attachment":[{"href":"https:\/\/tvsensor.com\/api\/wp\/v2\/media?parent=1381"}],"wp:term":[{"taxonomy":"category","embeddable":true,"href":"https:\/\/tvsensor.com\/api\/wp\/v2\/categories?post=1381"},{"taxonomy":"post_tag","embeddable":true,"href":"https:\/\/tvsensor.com\/api\/wp\/v2\/tags?post=1381"}],"curies":[{"name":"wp","href":"https:\/\/api.w.org\/{rel}","templated":true}]}}