{"id":1378,"date":"2019-03-04T10:31:49","date_gmt":"2019-03-04T10:31:49","guid":{"rendered":"https:\/\/senzor.ba\/?p=1378"},"modified":"2024-01-15T21:49:45","modified_gmt":"2024-01-15T20:49:45","slug":"dan-nezavisnosti-bih-obiljezen-polaganjem-cvijeca-na-centralno-spomen-obiljezje-sehidima-i-poginulim-borcima-opcine-novi-grad-sarajevo","status":"publish","type":"post","link":"https:\/\/tvsensor.com\/clanak\/dan-nezavisnosti-bih-obiljezen-polaganjem-cvijeca-na-centralno-spomen-obiljezje-sehidima-i-poginulim-borcima-opcine-novi-grad-sarajevo\/","title":{"rendered":"Dan nezavisnosti BiH obilje\u017een polaganjem cvije\u0107a na Centralno spomen \u2013 obilje\u017eje \u0161ehidima i poginulim borcima op\u0107ine Novi Grad Sarajevo"},"content":{"rendered":"\n<p>Dan nezavisnosti Bosne i\nHercegovine u op\u0107ini Novi Grad Sarajevo obilje\u017een je polaganjem cvije\u0107a na\nCentralno spomen \u2013 obilje\u017eje \u0161ehidima i poginulim borcima Novog Grada.<\/p>\n\n\n\n<p>Tim povodom delagacije\nOp\u0107ine Novi Grad, bora\u010dkih udru\u017eenja, \u010dlanovi porodica \u0161ehida i poginulih\nboraca, vije\u0107nici u Op\u0107inskom vije\u0107u Novi Grad Sarajevo, te delegacije\npoliti\u010dkih partija, okupili su se kod Centralnog spomen \u2013 obilje\u017eja ispred\nzgrade Op\u0107ine, gdje su odali po\u010dast najhrabrijim sinovima na\u0161e domovine koji su\ndali \u017eivote za odbranu nezavisne i suverene dr\u017eave BiH. &nbsp;&nbsp;<\/p>\n\n\n\n<p>O zna\u010daju 1. marta, jednog\nod najzna\u010dajnijih datuma u historiji na\u0161e zemlje govorio je Tajib Delali\u0107,\npomo\u0107nik op\u0107inskog na\u010delnika za bora\u010dka pitanja koji je podsjetio i na\nde\u0161avanja tokom odr\u017eavanja referenduma za nezavisnu i suverenu dr\u017eavu Bosnu i\nHercegovinu, ali i na doga\u0111aj koji je uslijedio odmah nakon progla\u0161enja\nnezavisnosti BiH, agresiju na na\u0161u zemlju.<\/p>\n\n\n\n<p>Prisutnima se obratio i\nna\u010delnik Op\u0107ine Semir Efendi\u0107. On je kazao da je Centralno spomen &#8211; obilje\u017eje\n\u0161ehidima i poginulim borcima Novog Grada otkriveno na dana\u0161nji dan 2017.\ngodine, te da se na njemu nalaze imena oko 1.950 boraca koji su dali \u017eivote\nbrane\u0107i op\u0107inu Novi Grad, ali da je i veliki broj civila i djece dao \u017eivote u\nNovom Gradu u vrijeme agresije na Republiku Bosnu i Hercegovinu.<\/p>\n\n\n\n<p>Na\u010delnik Efendi\u0107 najavio je\nda \u0107e u narednom periodu biti osvijetljen i spomenik herojima odbrambeno \u2013\noslobodila\u010dkog rata, rahmetli Safetu Had\u017ei\u0107u i Safetu Zajki, koji je ranije\nizgra\u0111en pored Centralnog spomen \u2013 obilje\u017eja, tako da \u0107e u ve\u010dernjim satima kao\ni ovaj koji je otvoren prije dvije godine, blistati u punom svom sjaju. Tako\u0111er\nje kazao da op\u0107inske slu\u017ebe rade i na pripremi jednog digitalnog formata\nspomenika, na kojem \u0107e biti biografije sa fotografijama svih boraca \u010dija se\nimena nalaze na Centralnom spomen \u2013 obilje\u017eju. Svi oni koji ovdje do\u0111u mo\u0107i \u0107e\nsaznati puno vi\u0161e o svakom borcu koji je dao svoj \u017eivot u odbrani Novog Grada\nod agresora.<\/p>\n\n\n\n<p>Iako su narod i dr\u017eava\ndemokratskim legitimnim putem odlu\u010dili da postanemo nezavisni, ipak Dan\nnezavisnosti je na neki na\u010din bio po\u010detak istinske borbe za nezavisnost koja je\nmorala da se vodi sa pu\u0161kom u ruci, daju\u0107i \u017eivote i dijelove tijela. Ta borba\nza nezavisnost traje i danas, kako nekima nije odgovarala tada, tako im ne\nodgovara ni danas. Da bi se borili moramo biti jaki, a da bi bili jaki bolje je\nda budemo \u0161to vi\u0161e jedinstveni.<\/p>\n\n\n\n<p>\u201eNadam se da \u0107e u vremenu\nkoje je pred nama biti tako da \u0107emo vi\u0161e energije usmjeravati na stvarne neprijatelje\ni one koji su u vrijeme agresije, ali i nakon nje i danas atakuju na njezinu\nnezavisnost, nego \u0161to je tro\u0161imo izme\u0111u sebe. Dijelom je to posljedica\nDejtonskog sistema koji nam je nametnut. Neka nam bude sretan Dan nezavisnosti\nna\u0161e domovine Bosne i Hercegovine, neka nam bude lijepa kao \u0161to je i dana\u0161nji\ndan. Neka ovaj suna\u010dani dan nagovijesti ljep\u0161e vrijeme za na\u0161u dr\u017eavu BiH\u201c,\nporu\u010dio je na\u010delnik Efendi\u0107 sa dana\u0161njeg skupa uprili\u010denog povodom\nobilje\u017eavanja Dana nezavisnosti jedine nam domovine Bosne i Hercegovine.<\/p>\n","protected":false},"excerpt":{"rendered":"<p>Dan nezavisnosti Bosne i Hercegovine u op\u0107ini Novi Grad Sarajevo obilje\u017een je polaganjem cvije\u0107a na Centralno spomen \u2013 obilje\u017eje \u0161ehidima i poginulim borcima Novog Grada. Tim povodom delagacije Op\u0107ine Novi Grad, bora\u010dkih udru\u017eenja, \u010dlanovi porodica \u0161ehida i poginulih boraca, vije\u0107nici u Op\u0107inskom vije\u0107u Novi Grad Sarajevo, te delegacije politi\u010dkih partija, okupili su se kod Centralnog [&hellip;]<\/p>\n","protected":false},"author":59,"featured_media":1379,"comment_status":"open","ping_status":"closed","sticky":false,"template":"","format":"standard","meta":{"inline_featured_image":false,"footnotes":""},"categories":[37,38],"tags":[],"class_list":{"0":"post-1378","1":"post","2":"type-post","3":"status-publish","4":"format-standard","5":"has-post-thumbnail","7":"category-vijesti","8":"category-vijesti-iz-bih"},"acf":[],"_links":{"self":[{"href":"https:\/\/tvsensor.com\/api\/wp\/v2\/posts\/1378","targetHints":{"allow":["GET"]}}],"collection":[{"href":"https:\/\/tvsensor.com\/api\/wp\/v2\/posts"}],"about":[{"href":"https:\/\/tvsensor.com\/api\/wp\/v2\/types\/post"}],"author":[{"embeddable":true,"href":"https:\/\/tvsensor.com\/api\/wp\/v2\/users\/59"}],"replies":[{"embeddable":true,"href":"https:\/\/tvsensor.com\/api\/wp\/v2\/comments?post=1378"}],"version-history":[{"count":1,"href":"https:\/\/tvsensor.com\/api\/wp\/v2\/posts\/1378\/revisions"}],"predecessor-version":[{"id":1380,"href":"https:\/\/tvsensor.com\/api\/wp\/v2\/posts\/1378\/revisions\/1380"}],"wp:featuredmedia":[{"embeddable":true,"href":"https:\/\/tvsensor.com\/api\/wp\/v2\/media\/1379"}],"wp:attachment":[{"href":"https:\/\/tvsensor.com\/api\/wp\/v2\/media?parent=1378"}],"wp:term":[{"taxonomy":"category","embeddable":true,"href":"https:\/\/tvsensor.com\/api\/wp\/v2\/categories?post=1378"},{"taxonomy":"post_tag","embeddable":true,"href":"https:\/\/tvsensor.com\/api\/wp\/v2\/tags?post=1378"}],"curies":[{"name":"wp","href":"https:\/\/api.w.org\/{rel}","templated":true}]}}