{"id":13734,"date":"2019-10-09T17:38:18","date_gmt":"2019-10-09T17:38:18","guid":{"rendered":"https:\/\/senzor.ba\/?p=13734"},"modified":"2024-01-15T21:45:06","modified_gmt":"2024-01-15T20:45:06","slug":"promocija-programa-kandidata-za-reisu-l-ulemu-muftije-dr-muamera-ef-zukorlica-u-zagrebu","status":"publish","type":"post","link":"https:\/\/tvsensor.com\/clanak\/promocija-programa-kandidata-za-reisu-l-ulemu-muftije-dr-muamera-ef-zukorlica-u-zagrebu\/","title":{"rendered":"Promocija programa kandidata za reisu-l-ulemu muftije dr. Muamera ef. Zukorli\u0107a u Zagrebu"},"content":{"rendered":"<p>Pored bosankohercegova\u010dkih muftijstava IZ-e, kandidat za reisu-l-ulemu dr. Muamer Zukorli\u0107 svoj program predstavio je i u Islamskom centru u Zagrebu, 8. oktobra 2019, gdje ga je sa \u010dlanovima izbornog tijela za izbor reisu-l-uleme, do\u010dekao i muftija dr. Aziz ef. Hasanovi\u0107.<\/p>\n<p>Postizanje sveop\u0107eg jedinstva jedan je od primarnih ciljeva na kojem trebamo raditi u budu\u0107nosti, poruka je kojom je kandidat Zukorli\u0107 otpo\u010deo svoje izlaganje. Jedinstvo unutar granica jedne dr\u017eave je nu\u017eno jedinstvo, isti\u010de Muftija, ali pravo jedinstvo je ono izvan granica BiH.<\/p>\n<p>\u201cUstavno-pravno usagla\u0161avanje jedinstva je najlak\u0161i dio. Mnogo je te\u017ee usaglasiti su\u0161tisnko jedinstvo u osje\u0107aju i svijesti. Ova kandidatura je prvi korak u tom pogledu, svojevrstan test. I vidite da ni to ne ide ba\u0161 lahko \u2013 prihvatiti da kandidat izvan BiH mo\u017ee biti punopravni kandidat za reisu-l-ulemu. Ono \u0161to je bila na\u0161a \u017ertva, skupo pla\u0107ena u problemima sa Beogradom, upravo zbog tog jedinstva sa BiH, fakturisana nam je u Bosni: &#8216;Pa \u010dekajte, \u0161to se sva\u0111ate?&#8217;. Ali mi smo pokazali da imamo najvi\u0161i stepen svijesti prema jedinstvu\u201d, poru\u010dio je Muftija.<\/p>\n<p>Svojom predno\u0161\u0107u muftija dr. Zukorli\u0107 smatra to da je u ovu \u201etrku\u201c u\u0161ao do kraja ozbiljno, sa iskrenim i \u010distim namjerama da uradi \u0161ta je do njega, bez imalo gr\u010da ili straha od ishoda, te da teret odlu\u010divanja da li treba ili ne biti reisu-l-ulema prebaci na bira\u010dko tijelo. Uz opasku da je, obzirom na povla\u010denje dvojice kandidata, njegovom kandidaturom je, spa\u0161en legitimitet izbora.<br \/>\n\u201cJa sam u svakom muftijstvu govorio najmanje sahat vremena. To ogroman materijal koji, predstavlja dobro istan\u010dan i originalan koncept. Kao \u0161to vidite ja nisam kandidat kojem neko mo\u017ee re\u0107i: \u201cKandiduj se. Raskandiduj se\u201d. To zna\u010di puno i to je jo\u0161 jedan benefit koji smo dobili mojom kandidaturom, koji spa\u0161ava legitimitet izbora\u201d, kazao je on.<\/p>\n<p>Sloboda je od izuzetne va\u017enosti, ona sloboda od politi\u010dkog uticaja, sloboda misli i djelovanja, kao i sloboda izbora.<\/p>\n<p>Ne ba\u0161 dobar odnos re\u017eima Islamske zajednice prema biv\u0161im muftijama I reisu-l-ulemama mrlja je koja se pod hitno treba o\u010distiti.<br \/>\n\u201cTa dominacija administracije u zadnjih sedam godina u IZ nije slu\u010dajnost, niti gre\u0161ka. To je koncept koji je uve\u017een iz nekih profanih struktura spolja. To vodi nekoj vrsti deulemizacije IZ-e\u201c, ka\u017ee Muftija i dodaje da smo ve\u0107 lo\u0161e rezultate toga vidjeli kroz kadrovanje i dodao da Islamskoj zajednici nema napretka dok je sadaka glavni prihod finansiranja administracije.<\/p>\n<p>\u201eZapamtite za 10 ili 20 godina, kada neko bude istra\u017eivao bruku odnosa prema biv\u0161em reisu-l-ulemi, prema biv\u0161im muftijama, ta fleka se ne mo\u017ee nikada pokriti, ni moralno ni duhovno\u201d, kazao je on.<\/p>\n<p>IZ u BiH ima najvi\u0161e kapaciteta da bude lider islama u Evropi, ali sa ovakvim mentalitetom vodstva, smatra Muftija, gotovo i da nema \u0161ansi. Islamskoj zajednici, zavr\u0161ava Muftija, potrebna je svje\u017eina u vo\u0111stvu, te aktivnije djelovanje unutar zemlje, ali i vani na me\u0111unarodnom planu i dijaspori.<\/p>\n<p>Nakon zvani\u010dnog dijela uslijedila su pitanja prisutnih \u010dlanova bira\u010dkog tijela. Nakon Zagreba, kandidat za reisu-l-ulemu muftija Zukorli\u0107 obi\u0107i \u0107e i Me\u0161ihat IZ-e u Sloveniji, gdje \u0107e u Ljubljani razgovarati sa \u010dlanovima izbornog tijela za izbor reisu-l-uleme.<br \/>\nIzbori za reisu-l-ulemu za naredni sedmogodi\u0161nji mandat odr\u017eat \u0107e se u subotu 12. oktobra 2019. godine u Sarajevu.<\/p>\n","protected":false},"excerpt":{"rendered":"<p>Pored bosankohercegova\u010dkih muftijstava IZ-e, kandidat za reisu-l-ulemu dr. Muamer Zukorli\u0107 svoj program predstavio je i u Islamskom centru u Zagrebu, 8. oktobra 2019, gdje ga je sa \u010dlanovima izbornog tijela za izbor reisu-l-uleme, do\u010dekao i muftija dr. Aziz ef. Hasanovi\u0107. Postizanje sveop\u0107eg jedinstva jedan je od primarnih ciljeva na kojem trebamo raditi u budu\u0107nosti, poruka [&hellip;]<\/p>\n","protected":false},"author":59,"featured_media":13735,"comment_status":"open","ping_status":"closed","sticky":false,"template":"","format":"standard","meta":{"inline_featured_image":false,"footnotes":""},"categories":[57],"tags":[],"class_list":{"0":"post-13734","1":"post","2":"type-post","3":"status-publish","4":"format-standard","5":"has-post-thumbnail","7":"category-religija"},"acf":[],"_links":{"self":[{"href":"https:\/\/tvsensor.com\/api\/wp\/v2\/posts\/13734","targetHints":{"allow":["GET"]}}],"collection":[{"href":"https:\/\/tvsensor.com\/api\/wp\/v2\/posts"}],"about":[{"href":"https:\/\/tvsensor.com\/api\/wp\/v2\/types\/post"}],"author":[{"embeddable":true,"href":"https:\/\/tvsensor.com\/api\/wp\/v2\/users\/59"}],"replies":[{"embeddable":true,"href":"https:\/\/tvsensor.com\/api\/wp\/v2\/comments?post=13734"}],"version-history":[{"count":1,"href":"https:\/\/tvsensor.com\/api\/wp\/v2\/posts\/13734\/revisions"}],"predecessor-version":[{"id":13736,"href":"https:\/\/tvsensor.com\/api\/wp\/v2\/posts\/13734\/revisions\/13736"}],"wp:featuredmedia":[{"embeddable":true,"href":"https:\/\/tvsensor.com\/api\/wp\/v2\/media\/13735"}],"wp:attachment":[{"href":"https:\/\/tvsensor.com\/api\/wp\/v2\/media?parent=13734"}],"wp:term":[{"taxonomy":"category","embeddable":true,"href":"https:\/\/tvsensor.com\/api\/wp\/v2\/categories?post=13734"},{"taxonomy":"post_tag","embeddable":true,"href":"https:\/\/tvsensor.com\/api\/wp\/v2\/tags?post=13734"}],"curies":[{"name":"wp","href":"https:\/\/api.w.org\/{rel}","templated":true}]}}