{"id":13707,"date":"2019-10-08T15:17:51","date_gmt":"2019-10-08T15:17:51","guid":{"rendered":"https:\/\/senzor.ba\/?p=13707"},"modified":"2024-01-15T21:45:07","modified_gmt":"2024-01-15T20:45:07","slug":"tesanjka-24-godine-poslije-zlocin-nad-civilima-za-koji-niko-dosad-nije-odgovarao","status":"publish","type":"post","link":"https:\/\/tvsensor.com\/clanak\/tesanjka-24-godine-poslije-zlocin-nad-civilima-za-koji-niko-dosad-nije-odgovarao\/","title":{"rendered":"Te\u0161anjka 24 godine poslije: Zlo\u010din nad civilima za koji niko dosad nije odgovarao"},"content":{"rendered":"<p>Nedjelja, 8. oktobar, 1995. godina, 16.30 sati. Vrijeme NATO-ove zabrane letova iznad bh. neba. Dva mjeseca i osam dana prije potpisivanja Dejtonskog mirovnog sporazuma u Parizu. Iz pravca Banje Luke, sa aerodroma u naselju Mahovljani, poletio je avion Vojske RS-a koji je na Te\u0161anjku, u op\u0107ini Te\u0161anj, izru\u010dio nekoliko kasetnih bombi. Ubijeno je devetero civila, \u0161estero maloljetne djece, Haris Skula (7), Lejla \u0106ostovi\u0107 (8), Sabira Bekri\u0107 (10), Jasmin Hrvi\u0107 (11), Jasmin Zaimovi\u0107 (11), Nihada \u010cabri\u0107 (17), i troje punoljetnih osoba, Fead Makarevi\u0107 (23), Zejna Babaji\u0107 (43) i Ibro Silajd\u017ei\u0107 (68). Ranjena je 51 osoba.<\/p>\n<p>Na\u0111a \u0106ostovi\u0107, koja je u to vrijeme bila zadu\u017eena kao kuharica za vojnike Armije RBiH, izgubila je osmogodi\u0161nju k\u0107erku Lejlu.<\/p>\n<p>\u201eVra\u0107ala sam se s posla ku\u0107i. Pridru\u017eili su mi se Jasmin Hrvi\u0107 i Nihada \u010cabri\u0107 koji su poginuli taj dan. Jasmin je ostao bez majke 1993. godine. Grlila sam ga idu\u0107i putem. I tada se sve desilo. Bila sam ranjena. Samo sam \u010dula nekog iz mase kako ka\u017ee: &#8216;Dajte neki pokriva\u010d, ovo je Hakina supruga, jo\u0161 je \u017eiva'\u201c, govorila je Na\u0111a \u0106ostovi\u0107 u razgovoru za Anadolu Agency (AA).<\/p>\n<p>Kroz suze nastavlja kako se pitala \u0161ta \u0107e joj biti s djecom ako umre.<\/p>\n<p>\u201eNisam ni slutila da mi je dijete poginulo\u201c, govori Na\u0111a \u0106ostovi\u0107, dodaju\u0107i kako su je odvezli do Ratne bolnice u Te\u0161nju gdje je pala u komu.<\/p>\n<p>\u201eKada sam sutradan do\u0161la sebi, vidjela sam jednog vojnika iz Matuzi\u0107a koji mi je rekao: &#8216;Na\u0111o, hrabra si ti, izdr\u017eat \u0107e\u0161 ti sve. Ima\u0161 svog Harisa&#8217;, a ja nisam znala da sam izgubila dijete\u201c, isti\u010de Na\u0111a \u0106ostovi\u0107, grle\u0107i unuku Lejlu koja je dobila ime po ubijenoj Na\u0111inoj k\u0107erki Lejli.<\/p>\n<p>\u201eNa dan kada je mojoj Lejli i drugim poginulima klanjana d\u017eenaza-namaz, posjetile su nas efendije. Ve\u0107ina me poznavala, pri\u0161ao mi je Besim ef. Bedak i rekao mi: &#8216;Kako si, Na\u0111o? Samo sabura, ti si hrabra \u017eena, sve \u0107e\u0161 ovo pre\u017eivjeti'\u201c, poja\u0161njava Na\u0111a \u0106ostovi\u0107,<\/p>\n<p>Dodaju\u0107i kako su joj suprug i doktor Ekrem Ajanovi\u0107 rekli tu najbolniju vijest u njenom \u017eivotu.<br \/>\nMeliha Tokmi\u0107 se tu nedjelju pripremala za \u0161kolu. Bila je maturantica. Evociraju\u0107i sje\u0107anja ka\u017ee da je u vrijeme aviobombardovanja bila vani. Lijep i sun\u010dan dan je bio.<\/p>\n<p>\u201ePrimirje, \u010deka\u0161 kraj rata i agonije koju je donio sa sobom. I onda nekakva mukla ti\u0161ina. I samo sam iznad sebe vidjela grdosiju. Imala sam osje\u0107aj da je ba\u0161 nalegao na krovove ku\u0107a. I\u0161ao je dosta nisko. I nastao je mrak. Vjerovatno sam pala prilikom ranjavanja. Nekoliko puta sam se budila u nekom bunilu. Mama je vikala da mi se pomogne\u201c, govori Meliha Tokmi\u0107, dodaju\u0107i kako je \u010dula glasove ljudi kako govore da je ne vode u bolnicu, da se pozabave \u017eivima jer je ona ve\u0107 mrtva.<\/p>\n<p>Bila je izre\u0161etana od metaka. Po dolasku u bolnicu, pala je komu u kojoj je bila nekoliko dana.<\/p>\n<p>\u201eRezultat mog ranjavanja je geler u glavi, presje\u010dena arterija na preponi, ogromno krvarenje, geleri u plu\u0107ima, le\u0111ima, bukvalno po cijelom tijelu\u201c, nastavlja Meliha Tokmi\u0107, koja je 28 dana provela u bolni\u010dkoj postelji. Dijagnoza koju i danas nosi sa sobom je 80-postotna invalidnost.<\/p>\n<p>Ned\u017ead \u010cabri\u0107 je do 3. maja 1992. godine \u017eivio u rodnom Doboju odakle je protjeran. Od tada je \u017eivio na Te\u0161anjci. U poslijepodnevnim satima se vra\u0107ao s linije, zadesio se u Alibegovcima, u blizini Te\u0161anjke, i u jednom je trenutku ugledao avion koji je nadletio iznad njega.<\/p>\n<p>\u201eVidio sam pilota kako se okrenuo i smije se. Potom je nastupila buktinja, pra\u0161ina se digla, \u010duli su se jauci, vriska i pla\u010d. Uletio sam na Te\u0161anjku i vidio masakr. Jedno dijete je bilo raskomadano, bilo je dosta mrtvih i ranjenih. Nisam ni pomi\u0161ljao da su i moja djeca tu. Pomagao sam kako je kome trebalo, iznosio ranjenike\u201c, isti\u010de \u010cabri\u0107, otac ubijene sedamnaestogodi\u0161nje Nihade i ranjene \u010detrnaestogodi\u0161nje Esade koja je poslije svega ostala 80-postotni invalid.<\/p>\n<p>Iz komande su mu rekli kako mu je jedna k\u0107erka ranjena, a o ubijenoj Nihadi jo\u0161 ni\u0161ta nije znao. U Ratnoj bolnici Te\u0161anj su mu rekli da Esada mora hitno u Zenicu u bolnicu, tako da je oti\u0161ao s njom.<\/p>\n<p>\u201eNosio sam mla\u0111u k\u0107erku na nosilima, prelazio preko le\u0161eva djece i poginulih po hodniku bolnice, ali i sigurno preko starije k\u0107erke jer nisam znao da je me\u0111u njima\u201c, govori \u010cabri\u0107.<\/p>\n<p>Naglasio je kako je tek po povratku iz Zenice od de\u017eurnog oficira saznao da je Nihada poginula.<br \/>\nNi nakon 24 godine niko nije odgovarao za ovaj zlo\u010din.<\/p>\n<p>\u201eTo je bilo vrijeme prividnog primirja. Bila je zabrana letova za sve avione, izuzev\u0161i NATO-ovih aviona. Me\u0111utim, dogovor su prekr\u0161ili, a na\u017ealost ni tada ni kasnije nije do\u0161la nikakva reakcija iz me\u0111unarodne zajednice niti je iko procesuiran\u201c, ka\u017ee Mujo Avdi\u0107, komandant 203. slavne motorizovane brigade \u201dDoboj-Bosna\u201d.<\/p>\n<p>Sakib Kurti\u0107, komandant 202. garave vite\u0161ke brdske brigade Te\u0161anj, isti\u010de kao i pored toga \u0161to su ubijeni civili, a me\u0111u njima nedu\u017ena djeca, kao i pored primirja koje je bilo na snazi u to vrijeme, niko za ovaj zlo\u010din nije odgovarao.<\/p>\n<p>\u201eNije izvr\u0161eno nikakvo procesuiranje. Niti jedan nivo, kantonalni, federalni, dr\u017eavni, nije se pozabavio ovim \u0161to se desilo prije 24 godine. Mjesna zajednica Te\u0161anjka, Op\u0107ina Te\u0161anj i druge relevantne organizacije su vi\u0161e puta potencirale da se odgovorni za ovo na\u0111u pred sudom pravde, i naredbodavci i neposredni izvr\u0161ioci. Me\u0111utim, dosad niko nije odgovarao\u201c, ka\u017ee Kurti\u0107 za AA.<\/p>\n<p>Miralem Begi\u0107, tada\u0161nji rukovodilac Slu\u017ebe za informisanje 203. slavne motorizovane brigade \u201dDoboj-Bosna\u201d pri 23. diviziji Armije RBiH, a dana\u0161nji novinar lista \u201dOslobo\u0111enje\u201d, okom kamere je zabilje\u017eio ono \u0161to se desilo u poslijepodnevnim satima na Te\u0161anjci.<\/p>\n<p>\u201eImao sam nekih obaveza sa svojim kolegama Hajrudinom Red\u017eovi\u0107em i Zaimom Hujdurom. Oti\u0161li smo u Lepenicu, selo do Te\u0161anjke, kako bismo kupili jedan dio za automobil koji nam je bio potreban. I po povratku, uletjeli smo u pra\u0161inu. Sje\u0107am se, snimam ranjene i poginule, a ne znam \u0161ta mi je s djecom\u201c, pri\u010dao je Begi\u0107, dodaju\u0107i kako je, ustvari, \u017eelio prikazati da je istina samo jedna te da je sav svoj audio, video i tonski materijal sa\u010duvao upravo da istina ne potpadne pod zaborav.<\/p>\n<p>\u201ePoslije toga smo komandantu divizije odnijeli snimljeni materijal, a potom smo oti\u0161li u informativno-tehni\u010dki centar Televizije BiH u Zenici, odakle je sirov materijal poslan za Dnevnik u 19.30 sati\u201c, otkriva Begi\u0107.<\/p>\n<p>Iako je primirje bilo na snazi, kao i zabrana letova, zlo\u010din nad civilima se dogodio. Ubijeni su djeca, \u017eene, mu\u0161karci. Danas postoji samo sje\u0107anje koje nije uga\u0161eno. Sje\u0107anje je potrebno ostaviti u \u017eivotu i iznova ulagati u njega. Za pojedinca je to samo jedan korak, ali za povijest ostav\u0161tina koja je i lekcija i nada. \u201dI djeci na\u0161e djece\u201d je vodilja obilje\u017eavanja ovog dana svake godine. Osmog oktobra, jednog sun\u010danog nedjeljnog dana koji se pretvorio u agoniju koja traje ve\u0107 24 godine.<\/p>\n","protected":false},"excerpt":{"rendered":"<p>Nedjelja, 8. oktobar, 1995. godina, 16.30 sati. Vrijeme NATO-ove zabrane letova iznad bh. neba. Dva mjeseca i osam dana prije potpisivanja Dejtonskog mirovnog sporazuma u Parizu. Iz pravca Banje Luke, sa aerodroma u naselju Mahovljani, poletio je avion Vojske RS-a koji je na Te\u0161anjku, u op\u0107ini Te\u0161anj, izru\u010dio nekoliko kasetnih bombi. Ubijeno je devetero civila, [&hellip;]<\/p>\n","protected":false},"author":59,"featured_media":13714,"comment_status":"open","ping_status":"closed","sticky":false,"template":"","format":"standard","meta":{"inline_featured_image":false,"footnotes":""},"categories":[47],"tags":[],"class_list":{"0":"post-13707","1":"post","2":"type-post","3":"status-publish","4":"format-standard","5":"has-post-thumbnail","7":"category-historija"},"acf":[],"_links":{"self":[{"href":"https:\/\/tvsensor.com\/api\/wp\/v2\/posts\/13707","targetHints":{"allow":["GET"]}}],"collection":[{"href":"https:\/\/tvsensor.com\/api\/wp\/v2\/posts"}],"about":[{"href":"https:\/\/tvsensor.com\/api\/wp\/v2\/types\/post"}],"author":[{"embeddable":true,"href":"https:\/\/tvsensor.com\/api\/wp\/v2\/users\/59"}],"replies":[{"embeddable":true,"href":"https:\/\/tvsensor.com\/api\/wp\/v2\/comments?post=13707"}],"version-history":[{"count":1,"href":"https:\/\/tvsensor.com\/api\/wp\/v2\/posts\/13707\/revisions"}],"predecessor-version":[{"id":13715,"href":"https:\/\/tvsensor.com\/api\/wp\/v2\/posts\/13707\/revisions\/13715"}],"wp:featuredmedia":[{"embeddable":true,"href":"https:\/\/tvsensor.com\/api\/wp\/v2\/media\/13714"}],"wp:attachment":[{"href":"https:\/\/tvsensor.com\/api\/wp\/v2\/media?parent=13707"}],"wp:term":[{"taxonomy":"category","embeddable":true,"href":"https:\/\/tvsensor.com\/api\/wp\/v2\/categories?post=13707"},{"taxonomy":"post_tag","embeddable":true,"href":"https:\/\/tvsensor.com\/api\/wp\/v2\/tags?post=13707"}],"curies":[{"name":"wp","href":"https:\/\/api.w.org\/{rel}","templated":true}]}}