{"id":1369,"date":"2019-03-03T12:29:30","date_gmt":"2019-03-03T12:29:30","guid":{"rendered":"https:\/\/senzor.ba\/?p=1369"},"modified":"2024-01-15T21:49:45","modified_gmt":"2024-01-15T20:49:45","slug":"kameni-spavac-valentin-incko-prespavao-govor-bogica-bogicevica","status":"publish","type":"post","link":"https:\/\/tvsensor.com\/clanak\/kameni-spavac-valentin-incko-prespavao-govor-bogica-bogicevica\/","title":{"rendered":"Kameni spava\u010d: Valentin Incko prespavao govor Bogi\u0107a Bogi\u0107evi\u0107a"},"content":{"rendered":"\n<p>Naj\u010dvr\u0161\u0107i dokaz da me\u0111unarodna zajednica \nmirno spava u Bosni i Hercegovini i da je njeni problemi ne doti\u010du \nponudio je visoki predstavnik UN u BiH Valentin Inzko.\n\n<\/p>\n\n\n\n<p>Na fotografiji se vidi kako je Inzko, ruku prekr\u0161tenih na \ngrudima, utonuo u bla\u017eeni san tijekom javnog komemorativnog skupa, zbog \n\u010dega su ga neki prozvali \u201ckamenim spava\u010dem\u201d, <a href=\"https:\/\/www.istinito.com\/bih\/drustvo\/30309-kameni-spavac-valentin-incko-prespavao-govor-bogica-bogicevica\/\">pi\u0161e <strong>istinito.com<\/strong><\/a>.<\/p>\n\n\n\n<p>\u201cSan koji ko\u0161ta 25.000 eura mjese\u010dno\u2026\u201d, \u201cKako je usnula me\u0111unarodna \nzajednica u BiH\u201d, \u201cIzra\u017eava zabrinutost sklopljenim okicama\u201d, \u201cI ja bih \nmirno spavao da mi je njegova pla\u0107a\u201d, \u201c\u010covjek ima ugovor s&nbsp;Dormeom\u201d \u2013 \nsamo su neki od komentara na dru\u0161tvenim mre\u017eama.<\/p>\n\n\n\n<p>Inzko je prespavao gotovo cijeli govor Bogi\u0107a Bogi\u0107evi\u0107a, predratnog \u010dlana Predsjedni\u0161tva SFRJ iz Bosne i Hercegovine.<\/p>\n\n\n\n<p>Fotografija je nastala u Narodnom pozori\u0161tu u Sarajevu, tijekom \nzajedni\u010dke komemorativne sjednice Skup\u0161tine \u017dupanije Sarajevo, Gradskog \nvije\u0107a Sarajeva i op\u0107inskih vije\u0107a s podru\u010dja \u017dupanije Sarajevo, povodom\n obilje\u017eavanja 05. velja\u010de\u2013 Dana sje\u0107anja na sve poginule gra\u0111ane \nSarajeva u periodu 1992-1995. godina i 25. godi\u0161njice stradanja gra\u0111ana \nna pijaci Markale.<\/p>\n","protected":false},"excerpt":{"rendered":"<p>Naj\u010dvr\u0161\u0107i dokaz da me\u0111unarodna zajednica mirno spava u Bosni i Hercegovini i da je njeni problemi ne doti\u010du ponudio je visoki predstavnik UN u BiH Valentin Inzko. Na fotografiji se vidi kako je Inzko, ruku prekr\u0161tenih na grudima, utonuo u bla\u017eeni san tijekom javnog komemorativnog skupa, zbog \u010dega su ga neki prozvali \u201ckamenim spava\u010dem\u201d, pi\u0161e [&hellip;]<\/p>\n","protected":false},"author":59,"featured_media":1370,"comment_status":"open","ping_status":"closed","sticky":false,"template":"","format":"standard","meta":{"inline_featured_image":false,"footnotes":""},"categories":[37,38],"tags":[],"class_list":{"0":"post-1369","1":"post","2":"type-post","3":"status-publish","4":"format-standard","5":"has-post-thumbnail","7":"category-vijesti","8":"category-vijesti-iz-bih"},"acf":[],"_links":{"self":[{"href":"https:\/\/tvsensor.com\/api\/wp\/v2\/posts\/1369","targetHints":{"allow":["GET"]}}],"collection":[{"href":"https:\/\/tvsensor.com\/api\/wp\/v2\/posts"}],"about":[{"href":"https:\/\/tvsensor.com\/api\/wp\/v2\/types\/post"}],"author":[{"embeddable":true,"href":"https:\/\/tvsensor.com\/api\/wp\/v2\/users\/59"}],"replies":[{"embeddable":true,"href":"https:\/\/tvsensor.com\/api\/wp\/v2\/comments?post=1369"}],"version-history":[{"count":1,"href":"https:\/\/tvsensor.com\/api\/wp\/v2\/posts\/1369\/revisions"}],"predecessor-version":[{"id":1371,"href":"https:\/\/tvsensor.com\/api\/wp\/v2\/posts\/1369\/revisions\/1371"}],"wp:featuredmedia":[{"embeddable":true,"href":"https:\/\/tvsensor.com\/api\/wp\/v2\/media\/1370"}],"wp:attachment":[{"href":"https:\/\/tvsensor.com\/api\/wp\/v2\/media?parent=1369"}],"wp:term":[{"taxonomy":"category","embeddable":true,"href":"https:\/\/tvsensor.com\/api\/wp\/v2\/categories?post=1369"},{"taxonomy":"post_tag","embeddable":true,"href":"https:\/\/tvsensor.com\/api\/wp\/v2\/tags?post=1369"}],"curies":[{"name":"wp","href":"https:\/\/api.w.org\/{rel}","templated":true}]}}